{"id":173878,"date":"2020-11-26T15:10:51","date_gmt":"2020-11-26T18:10:51","guid":{"rendered":"https:\/\/diarioregionaldigital.com.br\/?p=173878"},"modified":"2020-11-26T15:10:51","modified_gmt":"2020-11-26T18:10:51","slug":"general-marco-felicio-apoiara-candidatura-de-wilson-rezato","status":"publish","type":"post","link":"https:\/\/diarioregionaldigital.com.br\/?p=173878","title":{"rendered":"General Marco Fel\u00edcio apoiar\u00e1 candidatura de Wilson Rezato"},"content":{"rendered":"<p><span style=\"font-weight: 400;\">\u00c0s v\u00e9speras do segundo turno das Elei\u00e7\u00f5es 2020, o General Marco Fel\u00edcio (PRTB), anunciou na quarta-feira (25), que ir\u00e1 apoiar a candidatura de Wilson Rezato (PSB). No primeiro turno, o General obteve 0,70% dos votos, empatando com Fernando Eliot\u00e9rio (PCdoB, ficando a frente somente de Victoria Mello (PSTU) com 0,14%.<\/span><\/p>\n<p><span style=\"font-weight: 400;\">Marco Fel\u00edcio diz que optou pela candidatura de Wilson, por conta do antipetismo, relembrando os quadros do partido, como dos ex-presidentes Lula e Dilma Rousseff, al\u00e9m do ex-ministro Jos\u00e9 Dirceu e do ex-governador de Minas Gerais, Fernando Pimentel. Em nota oficial, ele associa os problemas no pa\u00eds e em Juiz de Fora, ao PT.<\/span><\/p>\n<p><span style=\"font-weight: 400;\">Na \u00faltima semana, ap\u00f3s se reunir com a diretoria do PTC, o candidato Alo\u00edzio Penido, havia anunciado seu apoio a Wilson Rezato. Em nota o partido informa que \u201cestar\u00e1 alinhado com a candidatura de Wilson, para Prefeito de Juiz de Fora, no segundo turno, independente de n\u00e3o ter feito qualquer acordo com o PSB\u201d.<\/span><\/p>\n<p><b>Indeferimento da candidatura<\/b><\/p>\n<p><span style=\"font-weight: 400;\">Antes da vota\u00e7\u00e3o no primeiro turno, Marco Fel\u00edcio teve sua candidatura indeferida 349\u00aa Zona Eleitoral de Juiz de Fora. Naquela ocasi\u00e3o, ele n\u00e3o apresentou \u00e0 Justi\u00e7a, a certid\u00e3o de quita\u00e7\u00e3o eleitoral referente \u00e0 presta\u00e7\u00e3o de contas do pleito de 2018, quando era candidato a vereador.<\/span><\/p>\n<p><span style=\"font-weight: 400;\">O PRTB havia entrado com recurso, mas o Tribunal Regional Eleitoral (TRE), manteve a mesma decis\u00e3o em primeira inst\u00e2ncia. Mesmo assim o candidato participou da corrida eleitoral, mesmo sob judice.<\/span><\/p>\n","protected":false},"excerpt":{"rendered":"<p>\u00c0s v\u00e9speras do segundo turno das Elei\u00e7\u00f5es 2020, o General Marco Fel\u00edcio (PRTB), anunciou na quarta-feira (25), que ir\u00e1 apoiar a candidatura de Wilson Rezato (PSB). No primeiro turno, o General obteve 0,70% dos votos, empatando com Fernando Eliot\u00e9rio (PCdoB, ficando a frente somente de Victoria Mello (PSTU) com 0,14%. Marco Fel\u00edcio diz que optou [&hellip;]<\/p>\n","protected":false},"author":96,"featured_media":173879,"comment_status":"closed","ping_status":"closed","sticky":false,"template":"","format":"standard","meta":{"footnotes":""},"categories":[436,440,254,439],"tags":[],"class_list":["post-173878","post","type-post","status-publish","format-standard","has-post-thumbnail","hentry","category-destaque-da-semana","category-destaques-do-dia","category-politica","category-ultima-hora"],"_links":{"self":[{"href":"https:\/\/diarioregionaldigital.com.br\/index.php?rest_route=\/wp\/v2\/posts\/173878","targetHints":{"allow":["GET"]}}],"collection":[{"href":"https:\/\/diarioregionaldigital.com.br\/index.php?rest_route=\/wp\/v2\/posts"}],"about":[{"href":"https:\/\/diarioregionaldigital.com.br\/index.php?rest_route=\/wp\/v2\/types\/post"}],"author":[{"embeddable":true,"href":"https:\/\/diarioregionaldigital.com.br\/index.php?rest_route=\/wp\/v2\/users\/96"}],"replies":[{"embeddable":true,"href":"https:\/\/diarioregionaldigital.com.br\/index.php?rest_route=%2Fwp%2Fv2%2Fcomments&post=173878"}],"version-history":[{"count":0,"href":"https:\/\/diarioregionaldigital.com.br\/index.php?rest_route=\/wp\/v2\/posts\/173878\/revisions"}],"wp:featuredmedia":[{"embeddable":true,"href":"https:\/\/diarioregionaldigital.com.br\/index.php?rest_route=\/wp\/v2\/media\/173879"}],"wp:attachment":[{"href":"https:\/\/diarioregionaldigital.com.br\/index.php?rest_route=%2Fwp%2Fv2%2Fmedia&parent=173878"}],"wp:term":[{"taxonomy":"category","embeddable":true,"href":"https:\/\/diarioregionaldigital.com.br\/index.php?rest_route=%2Fwp%2Fv2%2Fcategories&post=173878"},{"taxonomy":"post_tag","embeddable":true,"href":"https:\/\/diarioregionaldigital.com.br\/index.php?rest_route=%2Fwp%2Fv2%2Ftags&post=173878"}],"curies":[{"name":"wp","href":"https:\/\/api.w.org\/{rel}","templated":true}]}}