{"id":173875,"date":"2020-11-26T14:44:47","date_gmt":"2020-11-26T17:44:47","guid":{"rendered":"https:\/\/diarioregionaldigital.com.br\/?p=173875"},"modified":"2020-11-26T14:44:47","modified_gmt":"2020-11-26T17:44:47","slug":"frota-de-onibus-da-gil-nao-circula-pelo-municipio-nesta-quinta-feira","status":"publish","type":"post","link":"https:\/\/diarioregionaldigital.com.br\/?p=173875","title":{"rendered":"Frota de \u00f4nibus da GIL n\u00e3o circula pelo munic\u00edpio nesta quinta-feira"},"content":{"rendered":"<p><span style=\"font-weight: 400;\">A Secretaria de Transporte e Tr\u00e2nsito (Settra), informa que a frota de \u00f4nibus pertencente \u00e0 da empresa Via\u00e7\u00e3o Goretti Irm\u00e3os Ltda (GIL), n\u00e3o est\u00e1 em circula\u00e7\u00e3o por Juiz de Fora, nesta quinta-feira (26). Conforme informa\u00e7\u00f5es do Sindicato dos Trabalhadores em Empresas de Transporte Coletivo Urbano de Juiz de Fora (Sinttro-JF), os funcion\u00e1rios compareceram \u00e0 garagem da empresa no Bairro Vitorino Braga (Regi\u00e3o Leste), por\u00e9m os ve\u00edculos n\u00e3o sa\u00edram do local.<\/span><\/p>\n<p><span style=\"font-weight: 400;\">Conforme a Settra, as vans escolares est\u00e3o atendendo as linhas percorridas pela GIL, as regi\u00f5es leste e sudeste da cidade. A medida que foi estabelecida no m\u00eas de julho, prev\u00ea que \u201cos ve\u00edculos autorizados a prestar o transporte complementar devem estar devidamente cadastrados na Settra, observando-se a legisla\u00e7\u00e3o em vigor referente ao transporte escolar\u201d. Al\u00e9m disso, o valor cobrado ser\u00e1 de R$ 3,75, mesmo adotado nos \u00f4nibus coletivos.<\/span><\/p>\n<p><span style=\"font-weight: 400;\">Ainda conforme o \u00f3rg\u00e3o, foi encaminhada uma a\u00e7\u00e3o contra a GIL no Tribunal Regional do Trabalho (TRT), por conta do descumprimento da lei da greve, na qual determina disponibilidade de 50% da frota pelo munic\u00edpio.<\/span><\/p>\n<p><span style=\"font-weight: 400;\">Na quarta-feira (25), a Pol\u00edcia Militar (PM), compareceu \u00e0 garagem da empresa, em decorr\u00eancia de uma confus\u00e3o no local. Segundo o vice-presidente do Sinttro, Claudinei Janeiro, os funcion\u00e1rios teriam tido conhecimento sobre rumores de fal\u00eancia da GIL.<\/span><\/p>\n<p>&nbsp;<\/p>\n","protected":false},"excerpt":{"rendered":"<p>A Secretaria de Transporte e Tr\u00e2nsito (Settra), informa que a frota de \u00f4nibus pertencente \u00e0 da empresa Via\u00e7\u00e3o Goretti Irm\u00e3os Ltda (GIL), n\u00e3o est\u00e1 em circula\u00e7\u00e3o por Juiz de Fora, nesta quinta-feira (26). Conforme informa\u00e7\u00f5es do Sindicato dos Trabalhadores em Empresas de Transporte Coletivo Urbano de Juiz de Fora (Sinttro-JF), os funcion\u00e1rios compareceram \u00e0 garagem [&hellip;]<\/p>\n","protected":false},"author":96,"featured_media":173876,"comment_status":"closed","ping_status":"closed","sticky":false,"template":"","format":"standard","meta":{"footnotes":""},"categories":[253,436,440,439],"tags":[],"class_list":["post-173875","post","type-post","status-publish","format-standard","has-post-thumbnail","hentry","category-cidade","category-destaque-da-semana","category-destaques-do-dia","category-ultima-hora"],"_links":{"self":[{"href":"https:\/\/diarioregionaldigital.com.br\/index.php?rest_route=\/wp\/v2\/posts\/173875","targetHints":{"allow":["GET"]}}],"collection":[{"href":"https:\/\/diarioregionaldigital.com.br\/index.php?rest_route=\/wp\/v2\/posts"}],"about":[{"href":"https:\/\/diarioregionaldigital.com.br\/index.php?rest_route=\/wp\/v2\/types\/post"}],"author":[{"embeddable":true,"href":"https:\/\/diarioregionaldigital.com.br\/index.php?rest_route=\/wp\/v2\/users\/96"}],"replies":[{"embeddable":true,"href":"https:\/\/diarioregionaldigital.com.br\/index.php?rest_route=%2Fwp%2Fv2%2Fcomments&post=173875"}],"version-history":[{"count":0,"href":"https:\/\/diarioregionaldigital.com.br\/index.php?rest_route=\/wp\/v2\/posts\/173875\/revisions"}],"wp:featuredmedia":[{"embeddable":true,"href":"https:\/\/diarioregionaldigital.com.br\/index.php?rest_route=\/wp\/v2\/media\/173876"}],"wp:attachment":[{"href":"https:\/\/diarioregionaldigital.com.br\/index.php?rest_route=%2Fwp%2Fv2%2Fmedia&parent=173875"}],"wp:term":[{"taxonomy":"category","embeddable":true,"href":"https:\/\/diarioregionaldigital.com.br\/index.php?rest_route=%2Fwp%2Fv2%2Fcategories&post=173875"},{"taxonomy":"post_tag","embeddable":true,"href":"https:\/\/diarioregionaldigital.com.br\/index.php?rest_route=%2Fwp%2Fv2%2Ftags&post=173875"}],"curies":[{"name":"wp","href":"https:\/\/api.w.org\/{rel}","templated":true}]}}