{"id":173829,"date":"2020-11-25T17:41:58","date_gmt":"2020-11-25T20:41:58","guid":{"rendered":"https:\/\/diarioregionaldigital.com.br\/?p=173829"},"modified":"2020-11-25T17:41:58","modified_gmt":"2020-11-25T20:41:58","slug":"com-apoio-da-policia-militar-pjf-fiscaliza-novo-horario-de-funcionamento-de-bares-e-restaurantes","status":"publish","type":"post","link":"https:\/\/diarioregionaldigital.com.br\/?p=173829","title":{"rendered":"Com apoio da Pol\u00edcia Militar, PJF fiscaliza novo hor\u00e1rio de funcionamento de bares e restaurantes"},"content":{"rendered":"<p>Fiscais de posturas, guardas municipais, agentes de tr\u00e2nsito e policiais militares percorreram na noite de ter\u00e7a-feira, 24, alguns bairros da Zona Sul da cidade, como o Alto dos Passos. O intuito foi verificar o cumprimento da Resolu\u00e7\u00e3o n\u00ba 3, publicada na mesma data, que determinou novos dias e hor\u00e1rios de funcionamento de bares e restaurantes: de segunda a s\u00e1bado, das 10 \u00e0s 15 horas e das 18 \u00e0s 22 horas. Ao todo, 13 bares foram notificados sobre o fechamento e nenhum descumprimento foi verificado.<\/p>\n<p>A opera\u00e7\u00e3o da Prefeitura de Juiz de Fora (PJF) prossegue at\u00e9 o pr\u00f3ximo domingo, 29, em todas as regi\u00f5es da cidade e depois ser\u00e1 retomada na pr\u00f3xima semana. Al\u00e9m dos bares e restaurantes, a fiscaliza\u00e7\u00e3o tamb\u00e9m continua em granjas e resid\u00eancias da cidade para evitar a realiza\u00e7\u00e3o de eventos irregulares durante o final de semana. A multa inicial por realiza\u00e7\u00e3o de promo\u00e7\u00f5es sem autoriza\u00e7\u00e3o \u00e9 de R$ 4.849,17, e o local pode ser interditado.<\/p>\n<p>Den\u00fancias de descumprimento da legisla\u00e7\u00e3o podem ser realizadas por meio da central da Guarda Municipal, atrav\u00e9s do telefone 153, com funcionamento 24 horas; na Semaur, pelo 3690-7507; e no canal da Ouvidoria do Munic\u00edpio, Fala.BR:\u00a0<a href=\"https:\/\/www.pjf.mg.gov.br\/secretarias\/cgm\/ouvidoria\/canais\/falabr.php\">pjf.mg.gov.br\/secretarias\/cgm\/ouvidoria\/canais\/falabr.php<\/a>.<\/p>\n<p><strong>Fonte:\u00a0<\/strong>Assessoria<\/p>\n","protected":false},"excerpt":{"rendered":"<p>Fiscais de posturas, guardas municipais, agentes de tr\u00e2nsito e policiais militares percorreram na noite de ter\u00e7a-feira, 24, alguns bairros da Zona Sul da cidade, como o Alto dos Passos. O intuito foi verificar o cumprimento da Resolu\u00e7\u00e3o n\u00ba 3, publicada na mesma data, que determinou novos dias e hor\u00e1rios de funcionamento de bares e restaurantes: [&hellip;]<\/p>\n","protected":false},"author":96,"featured_media":173830,"comment_status":"closed","ping_status":"closed","sticky":false,"template":"","format":"standard","meta":{"footnotes":""},"categories":[253,436,439],"tags":[],"class_list":["post-173829","post","type-post","status-publish","format-standard","has-post-thumbnail","hentry","category-cidade","category-destaque-da-semana","category-ultima-hora"],"_links":{"self":[{"href":"https:\/\/diarioregionaldigital.com.br\/index.php?rest_route=\/wp\/v2\/posts\/173829","targetHints":{"allow":["GET"]}}],"collection":[{"href":"https:\/\/diarioregionaldigital.com.br\/index.php?rest_route=\/wp\/v2\/posts"}],"about":[{"href":"https:\/\/diarioregionaldigital.com.br\/index.php?rest_route=\/wp\/v2\/types\/post"}],"author":[{"embeddable":true,"href":"https:\/\/diarioregionaldigital.com.br\/index.php?rest_route=\/wp\/v2\/users\/96"}],"replies":[{"embeddable":true,"href":"https:\/\/diarioregionaldigital.com.br\/index.php?rest_route=%2Fwp%2Fv2%2Fcomments&post=173829"}],"version-history":[{"count":0,"href":"https:\/\/diarioregionaldigital.com.br\/index.php?rest_route=\/wp\/v2\/posts\/173829\/revisions"}],"wp:featuredmedia":[{"embeddable":true,"href":"https:\/\/diarioregionaldigital.com.br\/index.php?rest_route=\/wp\/v2\/media\/173830"}],"wp:attachment":[{"href":"https:\/\/diarioregionaldigital.com.br\/index.php?rest_route=%2Fwp%2Fv2%2Fmedia&parent=173829"}],"wp:term":[{"taxonomy":"category","embeddable":true,"href":"https:\/\/diarioregionaldigital.com.br\/index.php?rest_route=%2Fwp%2Fv2%2Fcategories&post=173829"},{"taxonomy":"post_tag","embeddable":true,"href":"https:\/\/diarioregionaldigital.com.br\/index.php?rest_route=%2Fwp%2Fv2%2Ftags&post=173829"}],"curies":[{"name":"wp","href":"https:\/\/api.w.org\/{rel}","templated":true}]}}