{"id":173820,"date":"2020-11-25T17:33:42","date_gmt":"2020-11-25T20:33:42","guid":{"rendered":"https:\/\/diarioregionaldigital.com.br\/?p=173820"},"modified":"2020-11-25T17:33:42","modified_gmt":"2020-11-25T20:33:42","slug":"caminhao-do-demlurb-tomba-em-trecho-da-estrada-do-caete","status":"publish","type":"post","link":"https:\/\/diarioregionaldigital.com.br\/?p=173820","title":{"rendered":"Caminh\u00e3o do Demlurb tomba em trecho da Estrada do Caet\u00e9"},"content":{"rendered":"<p><span style=\"font-weight: 400;\">Na noite de ter\u00e7a-feira (24), um caminh\u00e3o do Departamento Municipal de Limpeza Urbana (Demlurb), capotou em um trecho da Estrada do Caet\u00e9, no Bairro Floresta (Regi\u00e3o Sudeste), em Juiz de Fora. De acordo com o Boletim de Ocorr\u00eancia (BO) da Pol\u00edcia Militar (PM), tr\u00eas trabalhadores, 65, 49 e 34, tiveram ferimentos leves. O motorista, 28 anos, conseguiu escapar ileso do acidente.<\/span><\/p>\n<p><span style=\"font-weight: 400;\">Em relatos aos policiais, o condutor conta que momentos antes do ve\u00edculo capotar, a barra da dire\u00e7\u00e3o quebrou e por conta disso, perdeu o controle. O caminh\u00e3o parou fora da pista, com as rodas para cima.<\/span><\/p>\n<p><span style=\"font-weight: 400;\">As v\u00edtimas do acidente foram socorridas pelo SAMU e encaminhadas ao Hospital do Pronto Socorro (HPS), onde foram medicadas e liberadas na mesma noite. <\/span><\/p>\n","protected":false},"excerpt":{"rendered":"<p>Na noite de ter\u00e7a-feira (24), um caminh\u00e3o do Departamento Municipal de Limpeza Urbana (Demlurb), capotou em um trecho da Estrada do Caet\u00e9, no Bairro Floresta (Regi\u00e3o Sudeste), em Juiz de Fora. De acordo com o Boletim de Ocorr\u00eancia (BO) da Pol\u00edcia Militar (PM), tr\u00eas trabalhadores, 65, 49 e 34, tiveram ferimentos leves. O motorista, 28 [&hellip;]<\/p>\n","protected":false},"author":96,"featured_media":173821,"comment_status":"closed","ping_status":"closed","sticky":false,"template":"","format":"standard","meta":{"footnotes":""},"categories":[253,436,439],"tags":[],"class_list":["post-173820","post","type-post","status-publish","format-standard","has-post-thumbnail","hentry","category-cidade","category-destaque-da-semana","category-ultima-hora"],"_links":{"self":[{"href":"https:\/\/diarioregionaldigital.com.br\/index.php?rest_route=\/wp\/v2\/posts\/173820","targetHints":{"allow":["GET"]}}],"collection":[{"href":"https:\/\/diarioregionaldigital.com.br\/index.php?rest_route=\/wp\/v2\/posts"}],"about":[{"href":"https:\/\/diarioregionaldigital.com.br\/index.php?rest_route=\/wp\/v2\/types\/post"}],"author":[{"embeddable":true,"href":"https:\/\/diarioregionaldigital.com.br\/index.php?rest_route=\/wp\/v2\/users\/96"}],"replies":[{"embeddable":true,"href":"https:\/\/diarioregionaldigital.com.br\/index.php?rest_route=%2Fwp%2Fv2%2Fcomments&post=173820"}],"version-history":[{"count":0,"href":"https:\/\/diarioregionaldigital.com.br\/index.php?rest_route=\/wp\/v2\/posts\/173820\/revisions"}],"wp:featuredmedia":[{"embeddable":true,"href":"https:\/\/diarioregionaldigital.com.br\/index.php?rest_route=\/wp\/v2\/media\/173821"}],"wp:attachment":[{"href":"https:\/\/diarioregionaldigital.com.br\/index.php?rest_route=%2Fwp%2Fv2%2Fmedia&parent=173820"}],"wp:term":[{"taxonomy":"category","embeddable":true,"href":"https:\/\/diarioregionaldigital.com.br\/index.php?rest_route=%2Fwp%2Fv2%2Fcategories&post=173820"},{"taxonomy":"post_tag","embeddable":true,"href":"https:\/\/diarioregionaldigital.com.br\/index.php?rest_route=%2Fwp%2Fv2%2Ftags&post=173820"}],"curies":[{"name":"wp","href":"https:\/\/api.w.org\/{rel}","templated":true}]}}