{"id":173817,"date":"2020-11-25T17:23:48","date_gmt":"2020-11-25T20:23:48","guid":{"rendered":"https:\/\/diarioregionaldigital.com.br\/?p=173817"},"modified":"2020-11-25T17:23:48","modified_gmt":"2020-11-25T20:23:48","slug":"macrorregiao-sul-regride-para-a-onda-amarela-do-minas-consciente","status":"publish","type":"post","link":"https:\/\/diarioregionaldigital.com.br\/?p=173817","title":{"rendered":"Macrorregi\u00e3o Sul regride para a onda amarela do Minas Consciente"},"content":{"rendered":"<p>A macrorregi\u00e3o de Sa\u00fade\u00a0<a href=\"http:\/\/www.agenciaminas.mg.gov.br\/ckeditor_assets\/attachments\/8146\/11_-_regional_sul.pdf\" target=\"_blank\" rel=\"noopener noreferrer\">Sul<\/a>\u00a0vai regredir para uma fase mais restritiva do\u00a0<a href=\"http:\/\/www.mg.gov.br\/minasconsciente\" target=\"_blank\" rel=\"noopener noreferrer\">Minas Consciente<\/a>, plano elaborado pelo\u00a0<a href=\"http:\/\/www.mg.gov.br\/\" target=\"_blank\" rel=\"noopener noreferrer\">Governo do Estado<\/a>\u00a0para garantir a retomada gradual e segura da economia nos munic\u00edpios mineiros.<\/p>\n<p>O an\u00fancio foi feito durante delibera\u00e7\u00e3o do Comit\u00ea Extraordin\u00e1rio Covid-19, nesta quarta-feira (25\/11), que constatou o aumento de 50% da incid\u00eancia da covid-19 nos \u00faltimos 14 dias no estado. J\u00e1 considerando os \u00faltimos sete dias, a taxa subiu 17%.<\/p>\n<p>Com a mudan\u00e7a, a macrorregi\u00e3o\u00a0<a href=\"http:\/\/www.agenciaminas.mg.gov.br\/ckeditor_assets\/attachments\/8146\/11_-_regional_sul.pdf\" target=\"_blank\" rel=\"noopener noreferrer\">Sul<\/a>\u00a0passa da onda verde para amarela,\u00a0que permite a abertura de servi\u00e7os n\u00e3o essenciais com menor risco de cont\u00e1gio, como lojas de roupas e sal\u00f5es de beleza. A justificativa para o retrocesso foi a piora nos \u00edndices relacionados \u00e0 doen\u00e7a, como aumento de casos na localidade.<\/p>\n<p><strong>Retifica\u00e7\u00e3o<\/strong><\/p>\n<p>O Comit\u00ea Extraordin\u00e1rio Covid-19 tamb\u00e9m publicou uma retifica\u00e7\u00e3o em rela\u00e7\u00e3o \u00e0 cidade de Te\u00f3filo Otoni. O munic\u00edpio identificou um equ\u00edvoco na duplicidade do preenchimento de novos casos da semana anterior. Desta forma, a macrorregi\u00e3o\u00a0<a href=\"http:\/\/www.agenciaminas.mg.gov.br\/ckeditor_assets\/attachments\/9540\/06_-_regional_nordeste.pdf\" target=\"_blank\" rel=\"noopener noreferrer\">Nordeste<\/a>, que estava na onda vermelha, passa para a onda amarela.<\/p>\n<p><strong>Mudan\u00e7a<\/strong><\/p>\n<p>As demais regi\u00f5es na onda amarela s\u00e3o\u00a0<a href=\"http:\/\/www.agenciaminas.mg.gov.br\/ckeditor_assets\/attachments\/8149\/14_-_regional_vale_do_aco.pdf\" target=\"_blank\" rel=\"noopener noreferrer\">Vale do A\u00e7o<\/a>,\u00a0<a href=\"http:\/\/www.agenciaminas.mg.gov.br\/ckeditor_assets\/attachments\/8140\/05_-_regional_leste_do_sul.pdf\" target=\"_blank\" rel=\"noopener noreferrer\">Leste do Sul<\/a>,\u00a0<a href=\"http:\/\/www.agenciaminas.mg.gov.br\/ckeditor_assets\/attachments\/8145\/10_-_regional_sudeste.pdf\" target=\"_blank\" rel=\"noopener noreferrer\">Sudeste<\/a>\u00a0e\u00a0<a href=\"http:\/\/www.agenciaminas.mg.gov.br\/ckeditor_assets\/attachments\/9540\/06_-_regional_nordeste.pdf\" target=\"_blank\" rel=\"noopener noreferrer\">Nordeste<\/a>.<\/p>\n<p>J\u00e1 as regi\u00f5es que fazem parte da onda verde s\u00e3o\u00a0<a href=\"http:\/\/www.agenciaminas.mg.gov.br\/ckeditor_assets\/attachments\/8147\/12_-_regional_triangulo_norte.pdf\" target=\"_blank\" rel=\"noopener noreferrer\">Tri\u00e2ngulo do Norte<\/a>,\u00a0<a href=\"http:\/\/www.agenciaminas.mg.gov.br\/ckeditor_assets\/attachments\/8148\/13_-_regional_triangulo_sul.pdf\" target=\"_blank\" rel=\"noopener noreferrer\">Tri\u00e2ngulo do Sul<\/a>,\u00a0<a href=\"http:\/\/www.agenciaminas.mg.gov.br\/ckeditor_assets\/attachments\/8144\/09_-_regional_oeste.pdf\" target=\"_blank\" rel=\"noopener noreferrer\">Oeste<\/a>,\u00a0<a href=\"http:\/\/www.agenciaminas.mg.gov.br\/ckeditor_assets\/attachments\/8231\/01_-_regional_centro_vr.pdf\" target=\"_blank\" rel=\"noopener noreferrer\">Centro<\/a>,\u00a0<a href=\"http:\/\/www.agenciaminas.mg.gov.br\/ckeditor_assets\/attachments\/9538\/07_-_regional_noroeste.pdf\" target=\"_blank\" rel=\"noopener noreferrer\">Noroeste<\/a>,\u00a0<a href=\"http:\/\/www.agenciaminas.mg.gov.br\/ckeditor_assets\/attachments\/8143\/08_-_regional_norte.pdf\" target=\"_blank\" rel=\"noopener noreferrer\">Norte<\/a>,\u00a0<a href=\"http:\/\/www.agenciaminas.mg.gov.br\/ckeditor_assets\/attachments\/8138\/03_-_regional_jequitinhonha.pdf\" target=\"_blank\" rel=\"noopener noreferrer\">Jequitinhonha<\/a>\u00a0e\u00a0<a href=\"http:\/\/www.agenciaminas.mg.gov.br\/ckeditor_assets\/attachments\/8137\/02_-_regional_centro_sul.pdf\" target=\"_blank\" rel=\"noopener noreferrer\">Centro-Sul<\/a>, fase que possibilita a abertura de servi\u00e7os n\u00e3o essenciais com alto risco de cont\u00e1gio, como cinemas e bares com m\u00fasica ao vivo.<\/p>\n<p>A regi\u00e3o\u00a0<a href=\"http:\/\/www.agenciaminas.mg.gov.br\/ckeditor_assets\/attachments\/8139\/04_-_regional_leste.pdf\" target=\"_blank\" rel=\"noopener noreferrer\">Leste<\/a>\u00a0\u00e9 a \u00fanica que permanece na onda vermelha, onde somente os servi\u00e7os essenciais, como supermercados e farm\u00e1cias, est\u00e3o autorizados a funcionar.<\/p>\n<p><strong>Monitoramento<\/strong><\/p>\n<p>De acordo com o secret\u00e1rio de Estado de Sa\u00fade, o m\u00e9dico Carlos Eduardo Amaral, o Governo de Minas monitora 24 horas o comportamento da pandemia em todas as regi\u00f5es, cabendo ao Comit\u00ea deliberar o avan\u00e7o ou regress\u00e3o das macrorregi\u00f5es que comp\u00f5em o estado.<\/p>\n<p>\u201cA vigil\u00e2ncia em rela\u00e7\u00e3o aos diferentes cen\u00e1rios em Minas \u00e9 permanente. Novas altera\u00e7\u00f5es podem ser anunciadas a qualquer momento\u201d, afirmou.<\/p>\n<p>O secret\u00e1rio aproveitou para enfatizar sobre a necessidade de manter os cuidados b\u00e1sicos de preven\u00e7\u00e3o \u00e0 doen\u00e7a. \u201cAinda precisamos manter o distanciamento, uso de m\u00e1scaras e higieniza\u00e7\u00e3o das m\u00e3os, conforme orienta\u00e7\u00e3o desde o in\u00edcio da pandemia\u201d, alertou.<\/p>\n<p><strong>Balan\u00e7o<\/strong><\/p>\n<p>At\u00e9 o momento, 657 cidades mineiras aderiram ao plano Minas Consciente, impactando 13,4 milh\u00f5es de pessoas. Neste contexto, 537 cidades do estado com menos de 30 mil habitantes registraram incid\u00eancia da covid-19 abaixo de 50 casos por 100 mil habitantes nos \u00faltimos 14 dias.<\/p>\n<p><strong>Fonte:\u00a0<\/strong>Ag\u00eancia Minas<\/p>\n","protected":false},"excerpt":{"rendered":"<p>A macrorregi\u00e3o de Sa\u00fade\u00a0Sul\u00a0vai regredir para uma fase mais restritiva do\u00a0Minas Consciente, plano elaborado pelo\u00a0Governo do Estado\u00a0para garantir a retomada gradual e segura da economia nos munic\u00edpios mineiros. O an\u00fancio foi feito durante delibera\u00e7\u00e3o do Comit\u00ea Extraordin\u00e1rio Covid-19, nesta quarta-feira (25\/11), que constatou o aumento de 50% da incid\u00eancia da covid-19 nos \u00faltimos 14 dias [&hellip;]<\/p>\n","protected":false},"author":96,"featured_media":173818,"comment_status":"closed","ping_status":"closed","sticky":false,"template":"","format":"standard","meta":{"footnotes":""},"categories":[436,261,439],"tags":[],"class_list":["post-173817","post","type-post","status-publish","format-standard","has-post-thumbnail","hentry","category-destaque-da-semana","category-economia","category-ultima-hora"],"_links":{"self":[{"href":"https:\/\/diarioregionaldigital.com.br\/index.php?rest_route=\/wp\/v2\/posts\/173817","targetHints":{"allow":["GET"]}}],"collection":[{"href":"https:\/\/diarioregionaldigital.com.br\/index.php?rest_route=\/wp\/v2\/posts"}],"about":[{"href":"https:\/\/diarioregionaldigital.com.br\/index.php?rest_route=\/wp\/v2\/types\/post"}],"author":[{"embeddable":true,"href":"https:\/\/diarioregionaldigital.com.br\/index.php?rest_route=\/wp\/v2\/users\/96"}],"replies":[{"embeddable":true,"href":"https:\/\/diarioregionaldigital.com.br\/index.php?rest_route=%2Fwp%2Fv2%2Fcomments&post=173817"}],"version-history":[{"count":0,"href":"https:\/\/diarioregionaldigital.com.br\/index.php?rest_route=\/wp\/v2\/posts\/173817\/revisions"}],"wp:featuredmedia":[{"embeddable":true,"href":"https:\/\/diarioregionaldigital.com.br\/index.php?rest_route=\/wp\/v2\/media\/173818"}],"wp:attachment":[{"href":"https:\/\/diarioregionaldigital.com.br\/index.php?rest_route=%2Fwp%2Fv2%2Fmedia&parent=173817"}],"wp:term":[{"taxonomy":"category","embeddable":true,"href":"https:\/\/diarioregionaldigital.com.br\/index.php?rest_route=%2Fwp%2Fv2%2Fcategories&post=173817"},{"taxonomy":"post_tag","embeddable":true,"href":"https:\/\/diarioregionaldigital.com.br\/index.php?rest_route=%2Fwp%2Fv2%2Ftags&post=173817"}],"curies":[{"name":"wp","href":"https:\/\/api.w.org\/{rel}","templated":true}]}}