{"id":173800,"date":"2020-11-25T15:07:41","date_gmt":"2020-11-25T18:07:41","guid":{"rendered":"https:\/\/diarioregionaldigital.com.br\/?p=173800"},"modified":"2020-11-25T15:13:18","modified_gmt":"2020-11-25T18:13:18","slug":"ex-jogador-diego-maradona-morre-aos-60-anos-apos-sofrer-parada-cardiorrespiratoria","status":"publish","type":"post","link":"https:\/\/diarioregionaldigital.com.br\/?p=173800","title":{"rendered":"Ex-jogador Diego Maradona morre aos 60 anos, ap\u00f3s sofrer parada cardiorrespirat\u00f3ria"},"content":{"rendered":"<p><span style=\"font-weight: 400;\">M<\/span><span style=\"font-weight: 400;\">orreu na manh\u00e3 desta quarta-feira (25), o ex-jogador argentino, Diego Maradona, aos 60 anos, v\u00edtima de parada cardiorrespirat\u00f3ria. De acordo com informa\u00e7\u00f5es da imprensa local, ele estava em sua casa, no Bairro Tigre na Regi\u00e3o Metropolitana de Buenos Aires, quando sofreu mal s\u00fabito, no final da manh\u00e3. Ao todo, quatro ambul\u00e2ncias foram acionadas para socorrer o ex-jogador, por\u00e9m n\u00e3o resistiu e veio a \u00f3bito.<\/span><\/p>\n<p><span style=\"font-weight: 400;\">No in\u00edcio do m\u00eas, ele foi internado na cl\u00ednica Ipensa, na cidade de La Plata, na prov\u00edncia da capital, ap\u00f3s apresentar quadro de anemia e desidrata\u00e7\u00e3o, justamente tr\u00eas dias ap\u00f3s completar 60 anos de idade.\u00a0<\/span><\/p>\n<p><span style=\"font-weight: 400;\">Em nota oficial, a Associa\u00e7\u00e3o do Futebol Argentino (AFA), lamenta a perda do craque e do maior jogador da hist\u00f3ria do pa\u00eds portenho:<\/span><\/p>\n<p><i><span style=\"font-weight: 400;\">\u201cMaradona foi, \u00e9 e ser\u00e1 para sempre um pr\u00f3cer do nosso futebol. Um emblema que sabia como trazer para todos os cantos do planeta as cores da bandeira argentina. Diego marcou para sempre uma era com seu talento indescrit\u00edvel e indescrit\u00edvel. O planeta do futebol se lembrar\u00e1 de voc\u00ea para sempre.<\/span><\/i><\/p>\n<p><i><span style=\"font-weight: 400;\">Seu maior marco com a sele\u00e7\u00e3o argentina foi a conquista da Copa do Mundo FIFA &#8220;M\u00e9xico 1986&#8221;, onde deixou uma not\u00e1vel e lembrada atua\u00e7\u00e3o contra a Inglaterra, com o melhor gol da hist\u00f3ria das Copas do Mundo.<\/span><\/i><\/p>\n<p><i><span style=\"font-weight: 400;\">Voc\u00ea ser\u00e1 eterno em nossos cora\u00e7\u00f5es, Diego.<\/span><\/i><\/p>\n<p><i><span style=\"font-weight: 400;\">At\u00e9 logo,<\/span><\/i><\/p>\n<p><i><span style=\"font-weight: 400;\">D10s (dios)!\u201d<\/span><\/i><\/p>\n<p><span style=\"font-weight: 400;\">Campe\u00e3o do mundo pela Argentina em 1986, Maradona \u00e9 considerado por muitos, como um dos melhores jogadores da hist\u00f3ria e tamb\u00e9m como o maior do futebol argentino. Em sua carreira, teve passagens por Argentinos Juniors, Barcelona, Napoli, Sevilla, Newell\u2019s Old Boys e Boca Juniors. Ele encerrou sua carreira em 1998 pelo pr\u00f3prio \u2018xeneise\u2019, que \u00e9 seu time de cora\u00e7\u00e3o.\u00a0<\/span><\/p>\n<p><span style=\"font-weight: 400;\">Pela Sele\u00e7\u00e3o da Argentina, disputou 91 jogos, com direito a quatro participa\u00e7\u00f5es em Copas do Mundo (1982, 1986, 1990 e 1994), al\u00e9m do t\u00edtulo conquistado no M\u00e9xico em 86, no qual o jogador teve atua\u00e7\u00f5es magn\u00edficas. Em sua \u00faltima apari\u00e7\u00e3o em Copas foi nos Estados Unidos, por\u00e9m ele foi afastado da competi\u00e7\u00e3o, ap\u00f3s ser pego no exame antidoping, ainda na fase de grupos.<\/span><\/p>\n<p><b>Carreira como t\u00e9cnico<\/b><\/p>\n<p><span style=\"font-weight: 400;\">Ap\u00f3s se aposentar dos gramados, Maradona fez intensa reabilita\u00e7\u00e3o, para tratar da depend\u00eancia qu\u00edmica. Posteriormente, se aventurou como t\u00e9cnico de futebol e seu primeiro trabalho foi justamente com a Albiceleste, na Copa do Mundo de 2010 na \u00c1frica do Sul. Apesar de ter vencido todos os quatro jogos disputados na competi\u00e7\u00e3o, a Argentina foi goleada por 4&#215;0 para a Alemanha nas quartas de final.<\/span><\/p>\n<p><span style=\"font-weight: 400;\">Depois, o Pibe passou por Al-Wasl e Fujairah, dos Emirados \u00c1rabes. Em 2018, comandou o Dorados, do M\u00e9xico, e teve seu \u00faltimo trabalho no Gimnasia de La Plata, ainda neste ano.<\/span><\/p>\n<p><b>Homenagens pelo mundo futebol\u00edstico<\/b><\/p>\n<p><span style=\"font-weight: 400;\">Horas ap\u00f3s o an\u00fancio da morte de Diego Maradona, diversas figuras futebol\u00edsticas prestaram homenagem ao ex-jogador, pelas redes sociais.<\/span><\/p>\n<p><b>Pel\u00e9: <\/b><span style=\"font-weight: 400;\">\u201cQue not\u00edcia triste. Eu perdi um grande amigo e o mundo perdeu uma lenda. Ainda h\u00e1 muito a ser dito, mas por agora, que Deus d\u00ea for\u00e7a para os familiares. Um dia, eu espero que possamos jogar bola juntos no c\u00e9u!.<\/span><\/p>\n<p><b>Rom\u00e1rio: \u201c<\/b><span style=\"font-weight: 400;\">Meu amigo se foi. Maradona, a lenda! O argentino que conquistou o mundo com a bola nos p\u00e9s, mas tamb\u00e9m por sua alegria e personalidade \u00fanica. J\u00e1 disse algumas vezes, dos jogadores que vi em campo, ele foi o melhor\u201d.<\/span><\/p>\n<p><b>Gabriel Batistuta: \u201c<\/b><span style=\"font-weight: 400;\">Eternamente Obrigado, chorando por voc\u00ea. Acompanho a seus familiares e descanse em Paz &#8230;Querido Diego\u201d<\/span><\/p>\n<p><strong>Lionel Messi:\u00a0<\/strong>&#8220;Um dia muito triste para todos os argentinos e para o futebol. Nos deixa, mas n\u00e3o vai, pois Diego \u00e9 eterno. Guardo todos os belos momentos vividos com ele e queria aproveitar a oportunidade para enviar minhas condol\u00eancias a todos os seus familiares e amigos&#8221;.<\/p>\n<p><b>Cristiano Ronaldo: \u201c<\/b><span style=\"font-weight: 400;\">Hoje despe\u00e7o-me de um amigo e o Mundo despede-se de um g\u00e9nio eterno. Um dos melhores de todos os tempos. Um m\u00e1gico inigual\u00e1vel. Parte demasiado cedo, mas deixa um legado sem limites e um vazio que jamais ser\u00e1 preenchido. Descansa em paz, craque. Nunca ser\u00e1s esquecido\u201d.<\/span><\/p>\n<p><b>Neymar: <\/b><span style=\"font-weight: 400;\">\u201cSempre estar\u00e1s em nossas mem\u00f3rias, voc\u00ea deixou seu legado. FUTEBOL te agradece. Descanse em paz lenda\u201d.<\/span><\/p>\n<p>&nbsp;<\/p>\n","protected":false},"excerpt":{"rendered":"<p>Morreu na manh\u00e3 desta quarta-feira (25), o ex-jogador argentino, Diego Maradona, aos 60 anos, v\u00edtima de parada cardiorrespirat\u00f3ria. De acordo com informa\u00e7\u00f5es da imprensa local, ele estava em sua casa, no Bairro Tigre na Regi\u00e3o Metropolitana de Buenos Aires, quando sofreu mal s\u00fabito, no final da manh\u00e3. Ao todo, quatro ambul\u00e2ncias foram acionadas para socorrer [&hellip;]<\/p>\n","protected":false},"author":96,"featured_media":173801,"comment_status":"closed","ping_status":"closed","sticky":false,"template":"","format":"standard","meta":{"footnotes":""},"categories":[436,257,439],"tags":[],"class_list":["post-173800","post","type-post","status-publish","format-standard","has-post-thumbnail","hentry","category-destaque-da-semana","category-esporte","category-ultima-hora"],"_links":{"self":[{"href":"https:\/\/diarioregionaldigital.com.br\/index.php?rest_route=\/wp\/v2\/posts\/173800","targetHints":{"allow":["GET"]}}],"collection":[{"href":"https:\/\/diarioregionaldigital.com.br\/index.php?rest_route=\/wp\/v2\/posts"}],"about":[{"href":"https:\/\/diarioregionaldigital.com.br\/index.php?rest_route=\/wp\/v2\/types\/post"}],"author":[{"embeddable":true,"href":"https:\/\/diarioregionaldigital.com.br\/index.php?rest_route=\/wp\/v2\/users\/96"}],"replies":[{"embeddable":true,"href":"https:\/\/diarioregionaldigital.com.br\/index.php?rest_route=%2Fwp%2Fv2%2Fcomments&post=173800"}],"version-history":[{"count":0,"href":"https:\/\/diarioregionaldigital.com.br\/index.php?rest_route=\/wp\/v2\/posts\/173800\/revisions"}],"wp:featuredmedia":[{"embeddable":true,"href":"https:\/\/diarioregionaldigital.com.br\/index.php?rest_route=\/wp\/v2\/media\/173801"}],"wp:attachment":[{"href":"https:\/\/diarioregionaldigital.com.br\/index.php?rest_route=%2Fwp%2Fv2%2Fmedia&parent=173800"}],"wp:term":[{"taxonomy":"category","embeddable":true,"href":"https:\/\/diarioregionaldigital.com.br\/index.php?rest_route=%2Fwp%2Fv2%2Fcategories&post=173800"},{"taxonomy":"post_tag","embeddable":true,"href":"https:\/\/diarioregionaldigital.com.br\/index.php?rest_route=%2Fwp%2Fv2%2Ftags&post=173800"}],"curies":[{"name":"wp","href":"https:\/\/api.w.org\/{rel}","templated":true}]}}