{"id":173782,"date":"2020-11-25T10:57:33","date_gmt":"2020-11-25T13:57:33","guid":{"rendered":"https:\/\/diarioregionaldigital.com.br\/?p=173782"},"modified":"2020-11-25T10:57:33","modified_gmt":"2020-11-25T13:57:33","slug":"covid-19-governo-estuda-extensao-de-validade-de-testes-estocados","status":"publish","type":"post","link":"https:\/\/diarioregionaldigital.com.br\/?p=173782","title":{"rendered":"Covid-19: governo estuda extens\u00e3o de validade de testes estocados"},"content":{"rendered":"<p><span style=\"font-weight: 400;\">O Minist\u00e9rio da Sa\u00fade deve receber, ao longo desta semana, estudos de estabilidade estendida para testes de detec\u00e7\u00e3o de covid-19. A proposta \u00e9 avaliar a possibilidade de extens\u00e3o da validade de exames adquiridos pela pasta e que ainda est\u00e3o em estoque.<\/span><\/p>\n<p><span style=\"font-weight: 400;\">De acordo com o minist\u00e9rio, a empresa Seegene, fornecedora dos testes, j\u00e1 est\u00e1 em contato com a Ag\u00eancia Nacional de Vigil\u00e2ncia Sanit\u00e1ria (Anvisa) para o envio dos estudos, assim que disponibilizados pelo fabricante. O material ser\u00e1 analisado pela ag\u00eancia, que concede o registro de utiliza\u00e7\u00e3o do produto.<\/span><\/p>\n<p><span style=\"font-weight: 400;\">\u201cUma vez concedido esse parecer t\u00e9cnico, o Minist\u00e9rio da Sa\u00fade elaborar\u00e1 uma nota informativa quanto \u00e0 extens\u00e3o da validade e seguran\u00e7a da utiliza\u00e7\u00e3o dos testes.\u201d<\/span><\/p>\n<p><span style=\"font-weight: 400;\">Dados da pasta apontam que o pa\u00eds j\u00e1 testou mais de 10.491.142 pessoas, sendo 5.043.469 de exames do tipo RT-qPCR realizados de um total de 9.317.356 milh\u00f5es distribu\u00eddos para laborat\u00f3rios p\u00fablicos dos estados. A extens\u00e3o da validade seria uma sa\u00edda para evitar o desperd\u00edcio de testes estocados.<\/span><\/p>\n<p><span style=\"font-weight: 400;\">\u201cA pasta ressalta que nenhum teste de RT-qPCR perdeu sua validade e os mesmos est\u00e3o prontos para serem utilizados conforme demanda dos estados e munic\u00edpios, em conson\u00e2ncia com a gest\u00e3o do SUS, que \u00e9 tripartite.<\/span><\/p>\n<p><b>Detalhamento<\/b><\/p>\n<p><span style=\"font-weight: 400;\">O Congresso Nacional convidou o ministro da Sa\u00fade, Eduardo Pazuello, a fornecer maiores detalhes sobre testes para diagn\u00f3stico de covid-19 armazenados. O convite foi aprovado na ter\u00e7a-feira (24) por deputados e senadores integrantes da comiss\u00e3o que acompanha as medidas de enfrentamento \u00e0 pandemia.<\/span><\/p>\n<p><span style=\"font-weight: 400;\">Segundo reportagem do jornal <\/span><i><span style=\"font-weight: 400;\">O Estado de S\u00e3o Paulo<\/span><\/i><span style=\"font-weight: 400;\">, cerca de 6,8 milh\u00f5es de testes do tipo RT-qPCR adquiridos pelo governo federal perder\u00e3o a validade at\u00e9 janeiro de 2021.<\/span><\/p>\n<p><span style=\"font-weight: 400;\">A expectativa do presidente da comiss\u00e3o, senador Conf\u00facio Moura (MDB-RO), \u00e9 que a reuni\u00e3o com Pazuello ocorra at\u00e9 o dia 7 de dezembro.<\/span><\/p>\n<p><span style=\"font-weight: 400;\">\u201cCom a curva de mortes subindo e o aumento de ocupa\u00e7\u00e3o de UTIs [unidades de terapia intensiva], n\u00e3o podemos perder a chance de continuar testando a popula\u00e7\u00e3o contra o v\u00edrus\u201d, destacou a senadora Eliziane Gama (Cidadania-MA).<\/span><\/p>\n<p><strong>Fonte:<\/strong> Ag\u00eancia Brasil<\/p>\n","protected":false},"excerpt":{"rendered":"<p>O Minist\u00e9rio da Sa\u00fade deve receber, ao longo desta semana, estudos de estabilidade estendida para testes de detec\u00e7\u00e3o de covid-19. A proposta \u00e9 avaliar a possibilidade de extens\u00e3o da validade de exames adquiridos pela pasta e que ainda est\u00e3o em estoque. De acordo com o minist\u00e9rio, a empresa Seegene, fornecedora dos testes, j\u00e1 est\u00e1 em [&hellip;]<\/p>\n","protected":false},"author":96,"featured_media":173783,"comment_status":"closed","ping_status":"closed","sticky":false,"template":"","format":"standard","meta":{"footnotes":""},"categories":[302,436,440,439],"tags":[],"class_list":["post-173782","post","type-post","status-publish","format-standard","has-post-thumbnail","hentry","category-brasil-mundo","category-destaque-da-semana","category-destaques-do-dia","category-ultima-hora"],"_links":{"self":[{"href":"https:\/\/diarioregionaldigital.com.br\/index.php?rest_route=\/wp\/v2\/posts\/173782","targetHints":{"allow":["GET"]}}],"collection":[{"href":"https:\/\/diarioregionaldigital.com.br\/index.php?rest_route=\/wp\/v2\/posts"}],"about":[{"href":"https:\/\/diarioregionaldigital.com.br\/index.php?rest_route=\/wp\/v2\/types\/post"}],"author":[{"embeddable":true,"href":"https:\/\/diarioregionaldigital.com.br\/index.php?rest_route=\/wp\/v2\/users\/96"}],"replies":[{"embeddable":true,"href":"https:\/\/diarioregionaldigital.com.br\/index.php?rest_route=%2Fwp%2Fv2%2Fcomments&post=173782"}],"version-history":[{"count":0,"href":"https:\/\/diarioregionaldigital.com.br\/index.php?rest_route=\/wp\/v2\/posts\/173782\/revisions"}],"wp:featuredmedia":[{"embeddable":true,"href":"https:\/\/diarioregionaldigital.com.br\/index.php?rest_route=\/wp\/v2\/media\/173783"}],"wp:attachment":[{"href":"https:\/\/diarioregionaldigital.com.br\/index.php?rest_route=%2Fwp%2Fv2%2Fmedia&parent=173782"}],"wp:term":[{"taxonomy":"category","embeddable":true,"href":"https:\/\/diarioregionaldigital.com.br\/index.php?rest_route=%2Fwp%2Fv2%2Fcategories&post=173782"},{"taxonomy":"post_tag","embeddable":true,"href":"https:\/\/diarioregionaldigital.com.br\/index.php?rest_route=%2Fwp%2Fv2%2Ftags&post=173782"}],"curies":[{"name":"wp","href":"https:\/\/api.w.org\/{rel}","templated":true}]}}