{"id":173776,"date":"2020-11-25T06:00:41","date_gmt":"2020-11-25T09:00:41","guid":{"rendered":"https:\/\/diarioregionaldigital.com.br\/?p=173776"},"modified":"2020-11-25T04:26:05","modified_gmt":"2020-11-25T07:26:05","slug":"convocacao-assembleia-geral-ordinaria-25-11-2020","status":"publish","type":"post","link":"https:\/\/diarioregionaldigital.com.br\/?p=173776","title":{"rendered":"Convoca\u00e7\u00e3o &#8211; Assembleia Geral Ordin\u00e1ria &#8211; 25\/11\/2020"},"content":{"rendered":"<p><img loading=\"lazy\" decoding=\"async\" class=\"aligncenter wp-image-173768\" src=\"https:\/\/diarioregionaldigital.com.br\/wp-content\/uploads\/2020\/11\/EDITAL-DE-CONVOCA\u00c7\u00c3O-scaled.jpg\" alt=\"\" width=\"500\" height=\"725\" srcset=\"https:\/\/diarioregionaldigital.com.br\/wp-content\/uploads\/2020\/11\/EDITAL-DE-CONVOCA\u00c7\u00c3O-scaled.jpg 1765w, https:\/\/diarioregionaldigital.com.br\/wp-content\/uploads\/2020\/11\/EDITAL-DE-CONVOCA\u00c7\u00c3O-207x300.jpg 207w, https:\/\/diarioregionaldigital.com.br\/wp-content\/uploads\/2020\/11\/EDITAL-DE-CONVOCA\u00c7\u00c3O-706x1024.jpg 706w, https:\/\/diarioregionaldigital.com.br\/wp-content\/uploads\/2020\/11\/EDITAL-DE-CONVOCA\u00c7\u00c3O-768x1114.jpg 768w, https:\/\/diarioregionaldigital.com.br\/wp-content\/uploads\/2020\/11\/EDITAL-DE-CONVOCA\u00c7\u00c3O-1059x1536.jpg 1059w, https:\/\/diarioregionaldigital.com.br\/wp-content\/uploads\/2020\/11\/EDITAL-DE-CONVOCA\u00c7\u00c3O-1412x2048.jpg 1412w, https:\/\/diarioregionaldigital.com.br\/wp-content\/uploads\/2020\/11\/EDITAL-DE-CONVOCA\u00c7\u00c3O-360x522.jpg 360w\" sizes=\"auto, (max-width: 500px) 100vw, 500px\" \/><\/p>\n","protected":false},"excerpt":{"rendered":"","protected":false},"author":96,"featured_media":0,"comment_status":"closed","ping_status":"closed","sticky":false,"template":"","format":"standard","meta":{"footnotes":""},"categories":[307],"tags":[],"class_list":["post-173776","post","type-post","status-publish","format-standard","hentry","category-editais"],"_links":{"self":[{"href":"https:\/\/diarioregionaldigital.com.br\/index.php?rest_route=\/wp\/v2\/posts\/173776","targetHints":{"allow":["GET"]}}],"collection":[{"href":"https:\/\/diarioregionaldigital.com.br\/index.php?rest_route=\/wp\/v2\/posts"}],"about":[{"href":"https:\/\/diarioregionaldigital.com.br\/index.php?rest_route=\/wp\/v2\/types\/post"}],"author":[{"embeddable":true,"href":"https:\/\/diarioregionaldigital.com.br\/index.php?rest_route=\/wp\/v2\/users\/96"}],"replies":[{"embeddable":true,"href":"https:\/\/diarioregionaldigital.com.br\/index.php?rest_route=%2Fwp%2Fv2%2Fcomments&post=173776"}],"version-history":[{"count":0,"href":"https:\/\/diarioregionaldigital.com.br\/index.php?rest_route=\/wp\/v2\/posts\/173776\/revisions"}],"wp:attachment":[{"href":"https:\/\/diarioregionaldigital.com.br\/index.php?rest_route=%2Fwp%2Fv2%2Fmedia&parent=173776"}],"wp:term":[{"taxonomy":"category","embeddable":true,"href":"https:\/\/diarioregionaldigital.com.br\/index.php?rest_route=%2Fwp%2Fv2%2Fcategories&post=173776"},{"taxonomy":"post_tag","embeddable":true,"href":"https:\/\/diarioregionaldigital.com.br\/index.php?rest_route=%2Fwp%2Fv2%2Ftags&post=173776"}],"curies":[{"name":"wp","href":"https:\/\/api.w.org\/{rel}","templated":true}]}}