{"id":173651,"date":"2020-11-23T19:25:25","date_gmt":"2020-11-23T22:25:25","guid":{"rendered":"https:\/\/diarioregionaldigital.com.br\/?p=173651"},"modified":"2020-11-23T19:25:25","modified_gmt":"2020-11-23T22:25:25","slug":"espaco-cidadao-altera-horario-de-funcionamento","status":"publish","type":"post","link":"https:\/\/diarioregionaldigital.com.br\/?p=173651","title":{"rendered":"Espa\u00e7o Cidad\u00e3o altera hor\u00e1rio de funcionamento"},"content":{"rendered":"<div id=\"box_texto_noticia\">Devido ao aumento nos casos de covid-19 na cidade, a Prefeitura de Juiz de Fora (PJF) vai alterar o hor\u00e1rio de funcionamento do Espa\u00e7o Cidad\u00e3o JF \u2013 Centro, localizado no Parque Halfeld. Os atendimentos ser\u00e3o feitos das 9 \u00e0s 15 horas e dever\u00e3o ser agendados pelos telefones: 2104-8530\/8531\/8580. J\u00e1 para obter informa\u00e7\u00f5es, h\u00e1 dispon\u00edvel o n\u00famero de whatsapp 2104-8531. As medidas s\u00e3o para proteger a sa\u00fade dos contribuintes e dos funcion\u00e1rios.<\/p>\n<p>Nesta ter\u00e7a-feira, 24, o Espa\u00e7o Cidad\u00e3o estar\u00e1 fechado para que o Departamento de Limpeza Urbana (Demlurb) fa\u00e7a a desinfec\u00e7\u00e3o de todos os ambientes, buscando garantir as condi\u00e7\u00f5es sanit\u00e1rias e de seguran\u00e7a necess\u00e1rias no combate ao coronav\u00edrus.<\/p><\/div>\n<div><\/div>\n<div><strong>Fonte:\u00a0<\/strong>Assessoria<\/div>\n","protected":false},"excerpt":{"rendered":"<p>Devido ao aumento nos casos de covid-19 na cidade, a Prefeitura de Juiz de Fora (PJF) vai alterar o hor\u00e1rio de funcionamento do Espa\u00e7o Cidad\u00e3o JF \u2013 Centro, localizado no Parque Halfeld. Os atendimentos ser\u00e3o feitos das 9 \u00e0s 15 horas e dever\u00e3o ser agendados pelos telefones: 2104-8530\/8531\/8580. J\u00e1 para obter informa\u00e7\u00f5es, h\u00e1 dispon\u00edvel o [&hellip;]<\/p>\n","protected":false},"author":96,"featured_media":173652,"comment_status":"closed","ping_status":"closed","sticky":false,"template":"","format":"standard","meta":{"footnotes":""},"categories":[253,436,439],"tags":[],"class_list":["post-173651","post","type-post","status-publish","format-standard","has-post-thumbnail","hentry","category-cidade","category-destaque-da-semana","category-ultima-hora"],"_links":{"self":[{"href":"https:\/\/diarioregionaldigital.com.br\/index.php?rest_route=\/wp\/v2\/posts\/173651","targetHints":{"allow":["GET"]}}],"collection":[{"href":"https:\/\/diarioregionaldigital.com.br\/index.php?rest_route=\/wp\/v2\/posts"}],"about":[{"href":"https:\/\/diarioregionaldigital.com.br\/index.php?rest_route=\/wp\/v2\/types\/post"}],"author":[{"embeddable":true,"href":"https:\/\/diarioregionaldigital.com.br\/index.php?rest_route=\/wp\/v2\/users\/96"}],"replies":[{"embeddable":true,"href":"https:\/\/diarioregionaldigital.com.br\/index.php?rest_route=%2Fwp%2Fv2%2Fcomments&post=173651"}],"version-history":[{"count":0,"href":"https:\/\/diarioregionaldigital.com.br\/index.php?rest_route=\/wp\/v2\/posts\/173651\/revisions"}],"wp:featuredmedia":[{"embeddable":true,"href":"https:\/\/diarioregionaldigital.com.br\/index.php?rest_route=\/wp\/v2\/media\/173652"}],"wp:attachment":[{"href":"https:\/\/diarioregionaldigital.com.br\/index.php?rest_route=%2Fwp%2Fv2%2Fmedia&parent=173651"}],"wp:term":[{"taxonomy":"category","embeddable":true,"href":"https:\/\/diarioregionaldigital.com.br\/index.php?rest_route=%2Fwp%2Fv2%2Fcategories&post=173651"},{"taxonomy":"post_tag","embeddable":true,"href":"https:\/\/diarioregionaldigital.com.br\/index.php?rest_route=%2Fwp%2Fv2%2Ftags&post=173651"}],"curies":[{"name":"wp","href":"https:\/\/api.w.org\/{rel}","templated":true}]}}