{"id":173648,"date":"2020-11-23T19:24:03","date_gmt":"2020-11-23T22:24:03","guid":{"rendered":"https:\/\/diarioregionaldigital.com.br\/?p=173648"},"modified":"2020-11-23T19:24:03","modified_gmt":"2020-11-23T22:24:03","slug":"testagem-rapida-para-hiv-abre-programacao-do-dezembro-vermelho","status":"publish","type":"post","link":"https:\/\/diarioregionaldigital.com.br\/?p=173648","title":{"rendered":"Testagem r\u00e1pida para HIV abre programa\u00e7\u00e3o do \u201cDezembro Vermelho\u201d"},"content":{"rendered":"<p>O Departamento de Doen\u00e7as Sexualmente Transmiss\u00edveis (DST\/Aids) da Secretaria de Sa\u00fade (SS) inicia nesta segunda-feira, 23, mutir\u00e3o de testagem de HIV (sigla, em ingl\u00eas, do v\u00edrus da imunodefici\u00eancia humana). Para as pessoas que t\u00eam dificuldades de acesso ao servi\u00e7o, principalmente em fun\u00e7\u00e3o do hor\u00e1rio de trabalho, o atendimento ser\u00e1 de 8 \u00e0s 19 horas. O mutir\u00e3o seguir\u00e1 at\u00e9 sexta-feira, 27, integrando a programa\u00e7\u00e3o do \u201cDezembro Vermelho\u201d, m\u00eas de preven\u00e7\u00e3o \u00e0 doen\u00e7a. O Departamento funciona na Avenida dos Andradas, 523.<\/p>\n<p>Ao chegar ao local, o usu\u00e1rio ter\u00e1 aconselhamento pr\u00e9-teste, que poder\u00e1 ser fornecido por m\u00e9dico, psic\u00f3logo, enfermeiro ou assistente social. Em seguida ser\u00e1 encaminhado para exame. O resultado sai em 30 minutos. A expectativa \u00e9 pelo atendimento de 20 a 30 pessoas por dia.<\/p>\n<p>O gerente do Departamento, Oswaldo Alves dos Santos J\u00fanior, afirmou que a testagem possibilita aos \u00f3rg\u00e3os p\u00fablicos de sa\u00fade conhecimento da real situa\u00e7\u00e3o na cidade. No momento, 4,5 mil pessoas est\u00e3o em tratamento com HIV. Todo acompanhamento e a medica\u00e7\u00e3o s\u00e3o gratuitos.<\/p>\n<p>Oswaldo informou ainda que todas as medidas sanit\u00e1rias que o momento exige, em fun\u00e7\u00e3o da covid-19, foram tomadas. Um profissional foi destacado exclusivamente para controle do fluxo de pessoas, as consultas se dar\u00e3o em hor\u00e1rios diferenciados e ser\u00e1 mantido espa\u00e7amento entre os que estiverem aguardando, al\u00e9m de uso do \u00e1lcool em gel e o obrigat\u00f3rio de m\u00e1scara.<\/p>\n<p><strong>Fonte:\u00a0<\/strong>Assessoria<\/p>\n","protected":false},"excerpt":{"rendered":"<p>O Departamento de Doen\u00e7as Sexualmente Transmiss\u00edveis (DST\/Aids) da Secretaria de Sa\u00fade (SS) inicia nesta segunda-feira, 23, mutir\u00e3o de testagem de HIV (sigla, em ingl\u00eas, do v\u00edrus da imunodefici\u00eancia humana). Para as pessoas que t\u00eam dificuldades de acesso ao servi\u00e7o, principalmente em fun\u00e7\u00e3o do hor\u00e1rio de trabalho, o atendimento ser\u00e1 de 8 \u00e0s 19 horas. O [&hellip;]<\/p>\n","protected":false},"author":96,"featured_media":173649,"comment_status":"closed","ping_status":"closed","sticky":false,"template":"","format":"standard","meta":{"footnotes":""},"categories":[253,436,439],"tags":[],"class_list":["post-173648","post","type-post","status-publish","format-standard","has-post-thumbnail","hentry","category-cidade","category-destaque-da-semana","category-ultima-hora"],"_links":{"self":[{"href":"https:\/\/diarioregionaldigital.com.br\/index.php?rest_route=\/wp\/v2\/posts\/173648","targetHints":{"allow":["GET"]}}],"collection":[{"href":"https:\/\/diarioregionaldigital.com.br\/index.php?rest_route=\/wp\/v2\/posts"}],"about":[{"href":"https:\/\/diarioregionaldigital.com.br\/index.php?rest_route=\/wp\/v2\/types\/post"}],"author":[{"embeddable":true,"href":"https:\/\/diarioregionaldigital.com.br\/index.php?rest_route=\/wp\/v2\/users\/96"}],"replies":[{"embeddable":true,"href":"https:\/\/diarioregionaldigital.com.br\/index.php?rest_route=%2Fwp%2Fv2%2Fcomments&post=173648"}],"version-history":[{"count":0,"href":"https:\/\/diarioregionaldigital.com.br\/index.php?rest_route=\/wp\/v2\/posts\/173648\/revisions"}],"wp:featuredmedia":[{"embeddable":true,"href":"https:\/\/diarioregionaldigital.com.br\/index.php?rest_route=\/wp\/v2\/media\/173649"}],"wp:attachment":[{"href":"https:\/\/diarioregionaldigital.com.br\/index.php?rest_route=%2Fwp%2Fv2%2Fmedia&parent=173648"}],"wp:term":[{"taxonomy":"category","embeddable":true,"href":"https:\/\/diarioregionaldigital.com.br\/index.php?rest_route=%2Fwp%2Fv2%2Fcategories&post=173648"},{"taxonomy":"post_tag","embeddable":true,"href":"https:\/\/diarioregionaldigital.com.br\/index.php?rest_route=%2Fwp%2Fv2%2Ftags&post=173648"}],"curies":[{"name":"wp","href":"https:\/\/api.w.org\/{rel}","templated":true}]}}