{"id":173609,"date":"2020-11-23T13:55:09","date_gmt":"2020-11-23T16:55:09","guid":{"rendered":"https:\/\/diarioregionaldigital.com.br\/?p=173609"},"modified":"2020-11-23T13:55:09","modified_gmt":"2020-11-23T16:55:09","slug":"empresa-via-040-e-antt-firmam-aditivo-contratual-de-administracao-de-trecho-da-br-040-que-liga-juiz-de-fora-a-brasilia","status":"publish","type":"post","link":"https:\/\/diarioregionaldigital.com.br\/?p=173609","title":{"rendered":"Empresa Via 040 e ANTT firmam aditivo contratual de administra\u00e7\u00e3o de trecho da BR-040, que liga Juiz de Fora a Bras\u00edlia"},"content":{"rendered":"<p><span style=\"font-weight: 400;\">Na \u00faltima sexta-feira (20), a concession\u00e1ria Via 040, assinou junto com a Associa\u00e7\u00e3o Nacional de Transporte Terrestre (ANTT), o Termo Aditivo ao Contrato de Concess\u00e3o, referente \u00e0 administra\u00e7\u00e3o de 936,8 Km do trecho da BR-040, que liga Juiz de Fora a Bras\u00edlia. O acordo d\u00e1 prosseguimento ao processo de relicita\u00e7\u00e3o previsto no Decreto Federal n\u00ba 9.957\/2019.<\/span><\/p>\n<p><span style=\"font-weight: 400;\">O documento determina que ser\u00e1 mantida a presta\u00e7\u00e3o dos servi\u00e7os de socorro m\u00e9dico e mec\u00e2nico, manuten\u00e7\u00e3o, conserva\u00e7\u00e3o e monitora\u00e7\u00e3o da rodovia. Estes ser\u00e3o garantidos pela Via 040 pelos pr\u00f3ximos 24 meses, a partir da publica\u00e7\u00e3o do Decreto Presidencial 10.248\/2019, publicado no Di\u00e1rio Oficial da Uni\u00e3o de 18 de fevereiro 2020.<\/span><\/p>\n<p><span style=\"font-weight: 400;\">At\u00e9 ent\u00e3o, o processo de relicita\u00e7\u00e3o est\u00e1 \u00e0 cargo do Poder Concedente, que futuramente vai definir os prazos e o formato da concess\u00e3o, bem a realiza\u00e7\u00e3o do leil\u00e3o para uma nova empresa assumir a gest\u00e3o do trecho.\u00a0\u00a0<\/span><\/p>\n<p><b>Dificuldades na administra\u00e7\u00e3o da rodovia<\/b><\/p>\n<p><span style=\"font-weight: 400;\">Em seu site oficial, a Via 040 explica que desde o come\u00e7o da opera\u00e7\u00e3o, \u201cem enfrentando um quadro setorial desafiador, diferente do momento anterior ao leil\u00e3o realizado em 2013. As condi\u00e7\u00f5es de financiamento banc\u00e1rio para investimentos foram modificadas, houve atrasos e fragmenta\u00e7\u00e3o na emiss\u00e3o das licen\u00e7as ambientais para execu\u00e7\u00e3o de obras e, al\u00e9m disso, a redu\u00e7\u00e3o significativa da atividade econ\u00f4mica brasileira afetou diretamente o tr\u00e1fego de ve\u00edculos e passageiros\u201d.<\/span><\/p>\n<p><b>Pedido de devolu\u00e7\u00e3o das concess\u00f5es em 2017<\/b><\/p>\n<p><span style=\"font-weight: 400;\">Em setembro de 2017, a VIA 040 fez o primeiro pedido de ades\u00e3o \u00e0 lei 13.448\/17, o qual foi criado pelo Poder P\u00fablico, com objetivo de garantir \u201cdevolu\u00e7\u00e3o amig\u00e1vel\u201d das concess\u00f5es de ferrovias, rodovias e aeroportos. Dois anos ap\u00f3s a promulga\u00e7\u00e3o da lei, esta foi regulamentada atrav\u00e9s do decreto\u00a0 9.957\/19.<\/span><\/p>\n<p><span style=\"font-weight: 400;\">No mesmo ano, a VIA 040 \u201creapresentou seu pedido de ades\u00e3o \u00e0 relicita\u00e7\u00e3o. O pedido foi analisado pela ANTT e aprovado, por unanimidade\u201d em novembro daquele ano. No m\u00eas seguinte, o Minist\u00e9rio da Infraestrutura manifestou sua concord\u00e2ncia com a relicita\u00e7\u00e3o do trecho.\u00a0\u00a0<\/span><\/p>\n<p><span style=\"font-weight: 400;\">Em fevereiro deste ano, \u201co pedido foi finalmente qualificado no \u00e2mbito do Programa de Parcerias de Investimentos da Presid\u00eancia da Rep\u00fablica \u2013 PPI e sancionado pelo Presidente da Rep\u00fablica, atrav\u00e9s do Decreto n\u00ba 10.248\/2020, o que significa sua aptid\u00e3o para ser relicitado\u201d.<\/span><\/p>\n","protected":false},"excerpt":{"rendered":"<p>Na \u00faltima sexta-feira (20), a concession\u00e1ria Via 040, assinou junto com a Associa\u00e7\u00e3o Nacional de Transporte Terrestre (ANTT), o Termo Aditivo ao Contrato de Concess\u00e3o, referente \u00e0 administra\u00e7\u00e3o de 936,8 Km do trecho da BR-040, que liga Juiz de Fora a Bras\u00edlia. O acordo d\u00e1 prosseguimento ao processo de relicita\u00e7\u00e3o previsto no Decreto Federal n\u00ba [&hellip;]<\/p>\n","protected":false},"author":96,"featured_media":173610,"comment_status":"closed","ping_status":"closed","sticky":false,"template":"","format":"standard","meta":{"footnotes":""},"categories":[436,440,261,439],"tags":[],"class_list":["post-173609","post","type-post","status-publish","format-standard","has-post-thumbnail","hentry","category-destaque-da-semana","category-destaques-do-dia","category-economia","category-ultima-hora"],"_links":{"self":[{"href":"https:\/\/diarioregionaldigital.com.br\/index.php?rest_route=\/wp\/v2\/posts\/173609","targetHints":{"allow":["GET"]}}],"collection":[{"href":"https:\/\/diarioregionaldigital.com.br\/index.php?rest_route=\/wp\/v2\/posts"}],"about":[{"href":"https:\/\/diarioregionaldigital.com.br\/index.php?rest_route=\/wp\/v2\/types\/post"}],"author":[{"embeddable":true,"href":"https:\/\/diarioregionaldigital.com.br\/index.php?rest_route=\/wp\/v2\/users\/96"}],"replies":[{"embeddable":true,"href":"https:\/\/diarioregionaldigital.com.br\/index.php?rest_route=%2Fwp%2Fv2%2Fcomments&post=173609"}],"version-history":[{"count":0,"href":"https:\/\/diarioregionaldigital.com.br\/index.php?rest_route=\/wp\/v2\/posts\/173609\/revisions"}],"wp:featuredmedia":[{"embeddable":true,"href":"https:\/\/diarioregionaldigital.com.br\/index.php?rest_route=\/wp\/v2\/media\/173610"}],"wp:attachment":[{"href":"https:\/\/diarioregionaldigital.com.br\/index.php?rest_route=%2Fwp%2Fv2%2Fmedia&parent=173609"}],"wp:term":[{"taxonomy":"category","embeddable":true,"href":"https:\/\/diarioregionaldigital.com.br\/index.php?rest_route=%2Fwp%2Fv2%2Fcategories&post=173609"},{"taxonomy":"post_tag","embeddable":true,"href":"https:\/\/diarioregionaldigital.com.br\/index.php?rest_route=%2Fwp%2Fv2%2Ftags&post=173609"}],"curies":[{"name":"wp","href":"https:\/\/api.w.org\/{rel}","templated":true}]}}