{"id":173605,"date":"2020-11-23T10:58:13","date_gmt":"2020-11-23T13:58:13","guid":{"rendered":"https:\/\/diarioregionaldigital.com.br\/?p=173605"},"modified":"2020-11-23T10:58:30","modified_gmt":"2020-11-23T13:58:30","slug":"interligacao-de-redes-afeta-abastecimento-no-granjas-betania-e-regiao","status":"publish","type":"post","link":"https:\/\/diarioregionaldigital.com.br\/?p=173605","title":{"rendered":"Interliga\u00e7\u00e3o de redes afeta abastecimento no Granjas Bet\u00e2nia e regi\u00e3o"},"content":{"rendered":"<div id=\"box_texto_noticia\">\n<p>Nesta ter\u00e7a-feira, 24, a Companhia de Saneamento Municipal (Cesama) realizar\u00e1 novo trabalho de interliga\u00e7\u00e3o nas redes de \u00e1gua do Bairro Granjas Bet\u00e2nia, com o novo sistema de abastecimento implantado na regi\u00e3o. Para execu\u00e7\u00e3o do servi\u00e7o ser\u00e1 preciso interromper o fornecimento de \u00e1gua para os bairros Granjas Bet\u00e2nia, Progresso, Parque Guarani e Vivendas da Serra.<\/p>\n<p>Os trabalhos ser\u00e3o realizados das 8 \u00e0s 17 horas, com interdi\u00e7\u00e3o parcial do tr\u00e2nsito na Avenida Juiz de Fora, nas proximidades do trevo de acesso ao Bairro Granjas Bet\u00e2nia, e na Rua Jo\u00e3o Rosa de Ara\u00fajo. A previs\u00e3o \u00e9 de que o abastecimento seja regularizado ap\u00f3s a conclus\u00e3o da interven\u00e7\u00e3o. A companhia orienta para que a popula\u00e7\u00e3o mantenha o uso racional da \u00e1gua durante a execu\u00e7\u00e3o do servi\u00e7o.<\/p>\n<p>As obras de refor\u00e7o no abastecimento na regi\u00e3o tiveram in\u00edcio em novembro de 2019, e representam investimento de R$ 1,3 milh\u00e3o, em 2.500 metros de redes de distribui\u00e7\u00e3o de \u00e1gua.<\/p>\n<\/div>\n<div><strong>Fonte:<\/strong> Assessoria<\/div>\n","protected":false},"excerpt":{"rendered":"<p>Nesta ter\u00e7a-feira, 24, a Companhia de Saneamento Municipal (Cesama) realizar\u00e1 novo trabalho de interliga\u00e7\u00e3o nas redes de \u00e1gua do Bairro Granjas Bet\u00e2nia, com o novo sistema de abastecimento implantado na regi\u00e3o. Para execu\u00e7\u00e3o do servi\u00e7o ser\u00e1 preciso interromper o fornecimento de \u00e1gua para os bairros Granjas Bet\u00e2nia, Progresso, Parque Guarani e Vivendas da Serra. Os [&hellip;]<\/p>\n","protected":false},"author":96,"featured_media":173606,"comment_status":"closed","ping_status":"closed","sticky":false,"template":"","format":"standard","meta":{"footnotes":""},"categories":[253,436,439],"tags":[],"class_list":["post-173605","post","type-post","status-publish","format-standard","has-post-thumbnail","hentry","category-cidade","category-destaque-da-semana","category-ultima-hora"],"_links":{"self":[{"href":"https:\/\/diarioregionaldigital.com.br\/index.php?rest_route=\/wp\/v2\/posts\/173605","targetHints":{"allow":["GET"]}}],"collection":[{"href":"https:\/\/diarioregionaldigital.com.br\/index.php?rest_route=\/wp\/v2\/posts"}],"about":[{"href":"https:\/\/diarioregionaldigital.com.br\/index.php?rest_route=\/wp\/v2\/types\/post"}],"author":[{"embeddable":true,"href":"https:\/\/diarioregionaldigital.com.br\/index.php?rest_route=\/wp\/v2\/users\/96"}],"replies":[{"embeddable":true,"href":"https:\/\/diarioregionaldigital.com.br\/index.php?rest_route=%2Fwp%2Fv2%2Fcomments&post=173605"}],"version-history":[{"count":0,"href":"https:\/\/diarioregionaldigital.com.br\/index.php?rest_route=\/wp\/v2\/posts\/173605\/revisions"}],"wp:featuredmedia":[{"embeddable":true,"href":"https:\/\/diarioregionaldigital.com.br\/index.php?rest_route=\/wp\/v2\/media\/173606"}],"wp:attachment":[{"href":"https:\/\/diarioregionaldigital.com.br\/index.php?rest_route=%2Fwp%2Fv2%2Fmedia&parent=173605"}],"wp:term":[{"taxonomy":"category","embeddable":true,"href":"https:\/\/diarioregionaldigital.com.br\/index.php?rest_route=%2Fwp%2Fv2%2Fcategories&post=173605"},{"taxonomy":"post_tag","embeddable":true,"href":"https:\/\/diarioregionaldigital.com.br\/index.php?rest_route=%2Fwp%2Fv2%2Ftags&post=173605"}],"curies":[{"name":"wp","href":"https:\/\/api.w.org\/{rel}","templated":true}]}}