{"id":173571,"date":"2020-11-21T14:37:15","date_gmt":"2020-11-21T17:37:15","guid":{"rendered":"https:\/\/diarioregionaldigital.com.br\/?p=173571"},"modified":"2020-11-21T14:37:15","modified_gmt":"2020-11-21T17:37:15","slug":"aloizio-penido-anuncia-apoio-ao-candidato-wilson-rezato","status":"publish","type":"post","link":"https:\/\/diarioregionaldigital.com.br\/?p=173571","title":{"rendered":"Alo\u00edzio Penido anuncia apoio ao candidato Wilson Rezato"},"content":{"rendered":"<p>Em reuni\u00e3o realizada na tarde de sexta-feira (20), junto \u00e0 diretoria do PTC, o candidato Alo\u00edzio Penido, confirmou seu apoio a Wilson Rezato. Em nota o partido informa que \u201cestar\u00e1 alinhado com a candidatura de Wilson, para Prefeito de Juiz de Fora, no segundo turno, independente de n\u00e3o ter feito qualquer acordo com o PSB\u201d.<\/p>\n<p>Ao Di\u00e1rio Regional, Alo\u00edzio explica o motivo de apoiar o candidato do PSB, \u201cNo primeiro momento, eu tinha me mantido em sil\u00eancio. Mas ap\u00f3s reunir a diretoria da provis\u00f3ria em Juiz de Fora, a maioria entendeu que dever\u00edamos nos posicionar. Como sou bem democr\u00e1tico, ent\u00e3o como presidente do PTC no munic\u00edpio, eu decidi acatar a posi\u00e7\u00e3o da diretoria em sua maioria, que optou pela candidatura do Wilson\u201d.<\/p>\n<p>Ele ressalta que \u201cn\u00e3o tive nenhuma conversa com ele e n\u00e3o negociei. Foi mesmo uma decis\u00e3o do Partido, demonstrando que n\u00e3o est\u00e1 a\u00ed pra barganha, mas analisou ideologicamente\u201d conclui.<\/p>\n<p>Alo\u00edzio foi o sexto mais bem votado na corrida eleitoral, obtendo 0,95% dos votos. Al\u00e9m disso, foi o primeiro candidato pr\u00f3prio do PTC, na corrida eleitoral.<\/p>\n","protected":false},"excerpt":{"rendered":"<p>Em reuni\u00e3o realizada na tarde de sexta-feira (20), junto \u00e0 diretoria do PTC, o candidato Alo\u00edzio Penido, confirmou seu apoio a Wilson Rezato. Em nota o partido informa que \u201cestar\u00e1 alinhado com a candidatura de Wilson, para Prefeito de Juiz de Fora, no segundo turno, independente de n\u00e3o ter feito qualquer acordo com o PSB\u201d. [&hellip;]<\/p>\n","protected":false},"author":96,"featured_media":173572,"comment_status":"closed","ping_status":"closed","sticky":false,"template":"","format":"standard","meta":{"footnotes":""},"categories":[436,440,254,439],"tags":[],"class_list":["post-173571","post","type-post","status-publish","format-standard","has-post-thumbnail","hentry","category-destaque-da-semana","category-destaques-do-dia","category-politica","category-ultima-hora"],"_links":{"self":[{"href":"https:\/\/diarioregionaldigital.com.br\/index.php?rest_route=\/wp\/v2\/posts\/173571","targetHints":{"allow":["GET"]}}],"collection":[{"href":"https:\/\/diarioregionaldigital.com.br\/index.php?rest_route=\/wp\/v2\/posts"}],"about":[{"href":"https:\/\/diarioregionaldigital.com.br\/index.php?rest_route=\/wp\/v2\/types\/post"}],"author":[{"embeddable":true,"href":"https:\/\/diarioregionaldigital.com.br\/index.php?rest_route=\/wp\/v2\/users\/96"}],"replies":[{"embeddable":true,"href":"https:\/\/diarioregionaldigital.com.br\/index.php?rest_route=%2Fwp%2Fv2%2Fcomments&post=173571"}],"version-history":[{"count":0,"href":"https:\/\/diarioregionaldigital.com.br\/index.php?rest_route=\/wp\/v2\/posts\/173571\/revisions"}],"wp:featuredmedia":[{"embeddable":true,"href":"https:\/\/diarioregionaldigital.com.br\/index.php?rest_route=\/wp\/v2\/media\/173572"}],"wp:attachment":[{"href":"https:\/\/diarioregionaldigital.com.br\/index.php?rest_route=%2Fwp%2Fv2%2Fmedia&parent=173571"}],"wp:term":[{"taxonomy":"category","embeddable":true,"href":"https:\/\/diarioregionaldigital.com.br\/index.php?rest_route=%2Fwp%2Fv2%2Fcategories&post=173571"},{"taxonomy":"post_tag","embeddable":true,"href":"https:\/\/diarioregionaldigital.com.br\/index.php?rest_route=%2Fwp%2Fv2%2Ftags&post=173571"}],"curies":[{"name":"wp","href":"https:\/\/api.w.org\/{rel}","templated":true}]}}