{"id":173524,"date":"2020-11-21T14:00:57","date_gmt":"2020-11-21T17:00:57","guid":{"rendered":"https:\/\/diarioregionaldigital.com.br\/?p=173524"},"modified":"2020-11-20T19:04:01","modified_gmt":"2020-11-20T22:04:01","slug":"cadastramento-para-pre-escola-comeca-na-segunda-feira","status":"publish","type":"post","link":"https:\/\/diarioregionaldigital.com.br\/?p=173524","title":{"rendered":"Cadastramento para pr\u00e9-escola come\u00e7a na segunda-feira"},"content":{"rendered":"<p>A Secretaria de Educa\u00e7\u00e3o (SE) da Prefeitura de Juiz de Fora (PJF) realiza, a partir de segunda-feira, 23, o Cadastramento Escolar 2021 para pr\u00e9-escola. Os pais ou respons\u00e1veis por crian\u00e7as que completam 4 ou 5 anos at\u00e9 31 de mar\u00e7o de 2021, que desejam ingressar nas escolas p\u00fablicas da Rede Municipal de Ensino de Juiz de Fora, e crian\u00e7as matriculadas em creches p\u00fablicas ou conveniadas que n\u00e3o ofere\u00e7am continuidade na pr\u00e9-escola, dever\u00e3o realizar o cadastramento preenchendo um formul\u00e1rio online atrav\u00e9s do link\u00a0<a href=\"http:\/\/sislamemg.caedufjf.net\/sislamemg\/prematricula.faces?q=Wp4KR1mmHGI%3D\">Cadastro Pr\u00e9-Escola 2021<\/a>, at\u00e9 14 de dezembro.<\/p>\n<p>No processo de preenchimento do cadastramento, s\u00e3o necess\u00e1rios dados dos seguintes documentos:<\/p>\n<p>&#8211; certid\u00e3o nascimento do aluno;<\/p>\n<p>&#8211; comprovante de resid\u00eancia (conta de luz, \u00e1gua ou telefone);<\/p>\n<p>&#8211; carteira de identidade do respons\u00e1vel legal;<\/p>\n<p>&#8211; comprovante do recebimento do Bolsa Fam\u00edlia, caso tenha;<\/p>\n<p>&#8211; declara\u00e7\u00e3o, caso a crian\u00e7a tenha alguma defici\u00eancia.<\/p>\n<p>O resultado estar\u00e1 dispon\u00edvel no dia 15 de janeiro de 2021 pelo site da Prefeitura\u00a0<a href=\"https:\/\/www.pjf.mg.gov.br\/\">pjf.mg.gov.br<\/a>. O cadastramento escolar serve para organizar a demanda que ser\u00e1 atendida na rede municipal em 2021. Al\u00e9m disso, o processo garante vaga em escola pr\u00f3xima \u00e0 resid\u00eancia do usu\u00e1rio. Por\u00e9m, o cadastro n\u00e3o substitui a matr\u00edcula, que dever\u00e1 ser realizada no in\u00edcio de 2021 para a efetiva\u00e7\u00e3o da vaga.<\/p>\n<p>A matr\u00edcula dever\u00e1 ser realizada atrav\u00e9s de agendamento com institui\u00e7\u00e3o para a qual a crian\u00e7a for contemplada com a vaga, conforme o ato do cadastramento. Desta vez, a matr\u00edcula escolar ser\u00e1 realizada entre 18 e 29 de janeiro de 2021.<\/p>\n<p><strong>Fonte:\u00a0<\/strong>Assessoria<\/p>\n","protected":false},"excerpt":{"rendered":"<p>A Secretaria de Educa\u00e7\u00e3o (SE) da Prefeitura de Juiz de Fora (PJF) realiza, a partir de segunda-feira, 23, o Cadastramento Escolar 2021 para pr\u00e9-escola. Os pais ou respons\u00e1veis por crian\u00e7as que completam 4 ou 5 anos at\u00e9 31 de mar\u00e7o de 2021, que desejam ingressar nas escolas p\u00fablicas da Rede Municipal de Ensino de Juiz [&hellip;]<\/p>\n","protected":false},"author":96,"featured_media":173525,"comment_status":"closed","ping_status":"closed","sticky":false,"template":"","format":"standard","meta":{"footnotes":""},"categories":[253,436,440,439],"tags":[],"class_list":["post-173524","post","type-post","status-publish","format-standard","has-post-thumbnail","hentry","category-cidade","category-destaque-da-semana","category-destaques-do-dia","category-ultima-hora"],"_links":{"self":[{"href":"https:\/\/diarioregionaldigital.com.br\/index.php?rest_route=\/wp\/v2\/posts\/173524","targetHints":{"allow":["GET"]}}],"collection":[{"href":"https:\/\/diarioregionaldigital.com.br\/index.php?rest_route=\/wp\/v2\/posts"}],"about":[{"href":"https:\/\/diarioregionaldigital.com.br\/index.php?rest_route=\/wp\/v2\/types\/post"}],"author":[{"embeddable":true,"href":"https:\/\/diarioregionaldigital.com.br\/index.php?rest_route=\/wp\/v2\/users\/96"}],"replies":[{"embeddable":true,"href":"https:\/\/diarioregionaldigital.com.br\/index.php?rest_route=%2Fwp%2Fv2%2Fcomments&post=173524"}],"version-history":[{"count":0,"href":"https:\/\/diarioregionaldigital.com.br\/index.php?rest_route=\/wp\/v2\/posts\/173524\/revisions"}],"wp:featuredmedia":[{"embeddable":true,"href":"https:\/\/diarioregionaldigital.com.br\/index.php?rest_route=\/wp\/v2\/media\/173525"}],"wp:attachment":[{"href":"https:\/\/diarioregionaldigital.com.br\/index.php?rest_route=%2Fwp%2Fv2%2Fmedia&parent=173524"}],"wp:term":[{"taxonomy":"category","embeddable":true,"href":"https:\/\/diarioregionaldigital.com.br\/index.php?rest_route=%2Fwp%2Fv2%2Fcategories&post=173524"},{"taxonomy":"post_tag","embeddable":true,"href":"https:\/\/diarioregionaldigital.com.br\/index.php?rest_route=%2Fwp%2Fv2%2Ftags&post=173524"}],"curies":[{"name":"wp","href":"https:\/\/api.w.org\/{rel}","templated":true}]}}