{"id":173517,"date":"2020-11-20T18:59:36","date_gmt":"2020-11-20T21:59:36","guid":{"rendered":"https:\/\/diarioregionaldigital.com.br\/?p=173517"},"modified":"2020-11-20T18:59:36","modified_gmt":"2020-11-20T21:59:36","slug":"processo-seletivo-demlurb-apresentacao-de-recurso-para-tres-editais-comeca-na-proxima-segunda","status":"publish","type":"post","link":"https:\/\/diarioregionaldigital.com.br\/?p=173517","title":{"rendered":"Processo Seletivo Demlurb &#8211; Apresenta\u00e7\u00e3o de recurso para tr\u00eas editais come\u00e7a na pr\u00f3xima segunda"},"content":{"rendered":"<p>Os candidatos aos editais do processo seletivo de contrata\u00e7\u00e3o tempor\u00e1ria do Departamento Municipal de Limpeza Urbana (Demlurb), da Prefeitura de Juiz de Fora (PJF), podem apresentar seus recursos a partir de segunda-feira.<\/p>\n<p>As solicita\u00e7\u00f5es podem ser feitas a partir das 00h da pr\u00f3xima segunda-feira, 23, at\u00e9 \u00e0s 23h59 de ter\u00e7a-feira, 24. O modelo para a solicita\u00e7\u00e3o est\u00e1 no final de cada edital do processo seletivo. O candidato que desejar apresentar recursos, deve preencher a ficha, e encaminhar para o endere\u00e7o de e-mail de acordo com a vaga para a qual se candidatou:<\/p>\n<p><b>Auxiliar de servi\u00e7os gerais:<\/b>\u00a0recpssas@demlurb.pjf.mg.gov.br;<br \/>\n<b>Operador de m\u00e1quinas:<\/b>\u00a0recpssom@demlurb.pjf.mg.gov.br;<br \/>\n<b>Motorista de ve\u00edculos pesados:<\/b>\u00a0recpssmvp@demlurb.pjf.mg.gov.br.<\/p>\n<p><strong>Fonte:\u00a0<\/strong>Assessoria<\/p>\n","protected":false},"excerpt":{"rendered":"<p>Os candidatos aos editais do processo seletivo de contrata\u00e7\u00e3o tempor\u00e1ria do Departamento Municipal de Limpeza Urbana (Demlurb), da Prefeitura de Juiz de Fora (PJF), podem apresentar seus recursos a partir de segunda-feira. As solicita\u00e7\u00f5es podem ser feitas a partir das 00h da pr\u00f3xima segunda-feira, 23, at\u00e9 \u00e0s 23h59 de ter\u00e7a-feira, 24. O modelo para a [&hellip;]<\/p>\n","protected":false},"author":96,"featured_media":173518,"comment_status":"closed","ping_status":"closed","sticky":false,"template":"","format":"standard","meta":{"footnotes":""},"categories":[253,436,439],"tags":[],"class_list":["post-173517","post","type-post","status-publish","format-standard","has-post-thumbnail","hentry","category-cidade","category-destaque-da-semana","category-ultima-hora"],"_links":{"self":[{"href":"https:\/\/diarioregionaldigital.com.br\/index.php?rest_route=\/wp\/v2\/posts\/173517","targetHints":{"allow":["GET"]}}],"collection":[{"href":"https:\/\/diarioregionaldigital.com.br\/index.php?rest_route=\/wp\/v2\/posts"}],"about":[{"href":"https:\/\/diarioregionaldigital.com.br\/index.php?rest_route=\/wp\/v2\/types\/post"}],"author":[{"embeddable":true,"href":"https:\/\/diarioregionaldigital.com.br\/index.php?rest_route=\/wp\/v2\/users\/96"}],"replies":[{"embeddable":true,"href":"https:\/\/diarioregionaldigital.com.br\/index.php?rest_route=%2Fwp%2Fv2%2Fcomments&post=173517"}],"version-history":[{"count":0,"href":"https:\/\/diarioregionaldigital.com.br\/index.php?rest_route=\/wp\/v2\/posts\/173517\/revisions"}],"wp:featuredmedia":[{"embeddable":true,"href":"https:\/\/diarioregionaldigital.com.br\/index.php?rest_route=\/wp\/v2\/media\/173518"}],"wp:attachment":[{"href":"https:\/\/diarioregionaldigital.com.br\/index.php?rest_route=%2Fwp%2Fv2%2Fmedia&parent=173517"}],"wp:term":[{"taxonomy":"category","embeddable":true,"href":"https:\/\/diarioregionaldigital.com.br\/index.php?rest_route=%2Fwp%2Fv2%2Fcategories&post=173517"},{"taxonomy":"post_tag","embeddable":true,"href":"https:\/\/diarioregionaldigital.com.br\/index.php?rest_route=%2Fwp%2Fv2%2Ftags&post=173517"}],"curies":[{"name":"wp","href":"https:\/\/api.w.org\/{rel}","templated":true}]}}