{"id":173514,"date":"2020-11-20T18:46:21","date_gmt":"2020-11-20T21:46:21","guid":{"rendered":"https:\/\/diarioregionaldigital.com.br\/?p=173514"},"modified":"2020-11-20T18:46:21","modified_gmt":"2020-11-20T21:46:21","slug":"aprovados-nas-chamadas-regulares-de-sisu-e-ead-devem-se-matricular-ate-dia-27","status":"publish","type":"post","link":"https:\/\/diarioregionaldigital.com.br\/?p=173514","title":{"rendered":"Aprovados nas chamadas regulares de Sisu e EAD devem se matricular at\u00e9 dia 27"},"content":{"rendered":"<p><span style=\"font-weight: 400;\">Come\u00e7ou nesta sexta-feira (20), e segue at\u00e9 dia 27 de novembro, o prazo para os aprovados na chamada regular do Ensino a dist\u00e2ncia (EAD) e na chamada regular do Sistema de Sele\u00e7\u00e3o Unificada (Sisu) realizarem sua matr\u00edcula na Universidade Federal de Juiz de Fora (UFJF), pela internet.<\/span><\/p>\n<p><span style=\"font-weight: 400;\">Diante da suspens\u00e3o das atividades presenciais imposta pela pandemia de Covid-19, o envio da documenta\u00e7\u00e3o referente \u00e0 matr\u00edcula dos processos seletivos ser\u00e1 feito remotamente, conforme previsto na <\/span><a href=\"http:\/\/www2.ufjf.br\/consu\/wp-content\/uploads\/sites\/33\/2020\/11\/Resolu%C3%A7%C3%A3o-52.2020_Assinada-SEI.pdf\"><span style=\"font-weight: 400;\">resolu\u00e7\u00e3o 5<\/span><\/a><span style=\"font-weight: 400;\">2\/2020 do Conselho Superior (Consu). O requerimento de matr\u00edcula \u00e9 a fase na qual o aprovado deve apresentar os documentos necess\u00e1rios para finalizar o processo de ingresso na UFJF e, caso n\u00e3o seja feito dentro do prazo, a perda da vaga \u00e9 autom\u00e1tica.<\/span><\/p>\n<p><span style=\"font-weight: 400;\">Os ingressantes devem acompanhar o cronograma no site da Coordenadoria de Assuntos e Registros Acad\u00eamicos (Cdara) e realizar a matr\u00edcula e o envio de documentos atrav\u00e9s do Sistema de Gest\u00e3o Acad\u00eamica (Siga).<\/span><\/p>\n<p><span style=\"font-weight: 400;\">\u00c9 imprescind\u00edvel que os aprovados sigam as orienta\u00e7\u00f5es de datas referentes ao cronograma da Cdara, tanto para matr\u00edcula quanto para pr\u00e9-matr\u00edcula, pois as duas fases s\u00e3o obrigat\u00f3rias.\u00a0<\/span><\/p>\n<p><b>Matr\u00edcula<\/b><\/p>\n<p><span style=\"font-weight: 400;\">O candidato aprovado deve entrar no Siga e clicar no campo \u201cMeu primeiro acesso\u201d, localizado na parte inferior da tela. Ap\u00f3s realizar o cadastro, deve clicar na op\u00e7\u00e3o \u201cenvio de documenta\u00e7\u00e3o para a matr\u00edcula\u201d e informar usu\u00e1rio e senha criados. O estudante deve clicar na aba ingressantes &gt; cadastro. Neste momento \u00e9 necess\u00e1rio a confer\u00eancia das informa\u00e7\u00f5es e dos termos da matr\u00edcula, al\u00e9m do preenchimento das informa\u00e7\u00f5es e dos formul\u00e1rios solicitados. Em seguida, ser\u00e1 aberto um campo para o envio da documenta\u00e7\u00e3o por meio do upload de todos os documentos dos Anexos do Regulamento de Matr\u00edcula da UFJF (Resolu\u00e7\u00e3o N\u00ba 51\/2019 do Consu), conforme o grupo de ingresso do candidato. Todas as informa\u00e7\u00f5es contidas nos documentos devem estar leg\u00edveis, sem rasuras ou cortes.\u00a0\u00a0<\/span><\/p>\n<p><span style=\"font-weight: 400;\">Ap\u00f3s terminar o processo, o candidato receber\u00e1, em at\u00e9 48 horas contando da finaliza\u00e7\u00e3o do \u00faltimo dia de prazo para requerimento da matr\u00edcula, um protocolo provis\u00f3rio que confirma a realiza\u00e7\u00e3o da matr\u00edcula.<\/span><\/p>\n<p><span style=\"font-weight: 400;\">Os rec\u00e9m-aprovados que j\u00e1 possuem acesso ao <\/span><a href=\"https:\/\/siga.ufjf.br\/\"><span style=\"font-weight: 400;\">Siga<\/span><\/a><span style=\"font-weight: 400;\"> (ex-alunos da UFJF) devem logar no sistema com a senha atual e clicar na op\u00e7\u00e3o \u201cenviar documenta\u00e7\u00e3o para a matr\u00edcula\u201d, sem a necessidade de iniciar o primeiro acesso. Depois, deve seguir as demais etapas<\/span><\/p>\n<p><b>Acesso a internet<\/b><\/p>\n<p><span style=\"font-weight: 400;\">Exclusivamente para os candidatos que n\u00e3o tiverem acesso a um computador e\/ou internet para envio dos documentos, a Central de Atendimento do campus de Juiz de Fora e o Setor de Gradua\u00e7\u00e3o do campus de Governador Valadares disponibilizar\u00e3o as ferramentas necess\u00e1rias para o procedimento (computador, internet e scanner).\u00a0<\/span><\/p>\n<p><span style=\"font-weight: 400;\">O acesso ser\u00e1 feito mediante agendamento pr\u00e9vio atrav\u00e9s dos seguintes canais: em Governador Valadares, por meio do e-mail graduacao.gv@ufjf.edu.br; e em Juiz de Fora, pelo e-mail faleconosco@ufjf.edu.br ou pelo telefone\/whatsApp (32) 2102-3911.\u00a0<\/span><\/p>\n<p><span style=\"font-weight: 400;\">Os candidatos que utilizarem a estrutura f\u00edsica da Central de Atendimento devem estar cientes de que o setor n\u00e3o far\u00e1 a confer\u00eancia de documentos escaneados e enviados, sendo responsabilidade exclusiva do candidato a sele\u00e7\u00e3o e o envio correto dos documentos, segundo a Resolu\u00e7\u00e3o de Matr\u00edcula.<\/span><\/p>\n<p><b>Documenta\u00e7\u00e3o<\/b><\/p>\n<p><span style=\"font-weight: 400;\">Os candidatos aprovados devem anexar a documenta\u00e7\u00e3o referente ao grupo escolhido, conforme a Resolu\u00e7\u00e3o n\u00ba 51\/2019 do Consu.<\/span><\/p>\n<p><span style=\"font-weight: 400;\">Os selecionados para as vagas reservadas para negros (pretos ou pardos) e ind\u00edgenas pertencentes aos grupos de reservas de vagas A e D devem, obrigatoriamente, submeter-se \u00e0 banca de heteroidentifica\u00e7\u00e3o, que ser\u00e1 realizada por webconfer\u00eancia, conforme Resolu\u00e7\u00e3o n\u00ba 52\/2020 do Consu. Os candidatos ser\u00e3o convocados pelo e-mail cadastrado no Siga. Tamb\u00e9m ser\u00e3o divulgadas na p\u00e1gina da Cdara as informa\u00e7\u00f5es de data e hor\u00e1rio individuais para comparecimento \u00e0 sala virtual onde ser\u00e1 realizado o procedimento de heteroidentifica\u00e7\u00e3o.<\/span><\/p>\n<p><span style=\"font-weight: 400;\">A UFJF n\u00e3o se responsabiliza por requerimentos de matr\u00edcula n\u00e3o recebidos devido a falhas de comunica\u00e7\u00e3o, bem como a outros fatores de ordem t\u00e9cnica que impossibilitem o envio dos documentos.<\/span><\/p>\n<p><strong>Fonte:<\/strong> Assessoria<\/p>\n","protected":false},"excerpt":{"rendered":"<p>Come\u00e7ou nesta sexta-feira (20), e segue at\u00e9 dia 27 de novembro, o prazo para os aprovados na chamada regular do Ensino a dist\u00e2ncia (EAD) e na chamada regular do Sistema de Sele\u00e7\u00e3o Unificada (Sisu) realizarem sua matr\u00edcula na Universidade Federal de Juiz de Fora (UFJF), pela internet. Diante da suspens\u00e3o das atividades presenciais imposta pela [&hellip;]<\/p>\n","protected":false},"author":96,"featured_media":173515,"comment_status":"closed","ping_status":"closed","sticky":false,"template":"","format":"standard","meta":{"footnotes":""},"categories":[253,436,439],"tags":[],"class_list":["post-173514","post","type-post","status-publish","format-standard","has-post-thumbnail","hentry","category-cidade","category-destaque-da-semana","category-ultima-hora"],"_links":{"self":[{"href":"https:\/\/diarioregionaldigital.com.br\/index.php?rest_route=\/wp\/v2\/posts\/173514","targetHints":{"allow":["GET"]}}],"collection":[{"href":"https:\/\/diarioregionaldigital.com.br\/index.php?rest_route=\/wp\/v2\/posts"}],"about":[{"href":"https:\/\/diarioregionaldigital.com.br\/index.php?rest_route=\/wp\/v2\/types\/post"}],"author":[{"embeddable":true,"href":"https:\/\/diarioregionaldigital.com.br\/index.php?rest_route=\/wp\/v2\/users\/96"}],"replies":[{"embeddable":true,"href":"https:\/\/diarioregionaldigital.com.br\/index.php?rest_route=%2Fwp%2Fv2%2Fcomments&post=173514"}],"version-history":[{"count":0,"href":"https:\/\/diarioregionaldigital.com.br\/index.php?rest_route=\/wp\/v2\/posts\/173514\/revisions"}],"wp:featuredmedia":[{"embeddable":true,"href":"https:\/\/diarioregionaldigital.com.br\/index.php?rest_route=\/wp\/v2\/media\/173515"}],"wp:attachment":[{"href":"https:\/\/diarioregionaldigital.com.br\/index.php?rest_route=%2Fwp%2Fv2%2Fmedia&parent=173514"}],"wp:term":[{"taxonomy":"category","embeddable":true,"href":"https:\/\/diarioregionaldigital.com.br\/index.php?rest_route=%2Fwp%2Fv2%2Fcategories&post=173514"},{"taxonomy":"post_tag","embeddable":true,"href":"https:\/\/diarioregionaldigital.com.br\/index.php?rest_route=%2Fwp%2Fv2%2Ftags&post=173514"}],"curies":[{"name":"wp","href":"https:\/\/api.w.org\/{rel}","templated":true}]}}