{"id":173481,"date":"2020-11-20T15:10:29","date_gmt":"2020-11-20T18:10:29","guid":{"rendered":"https:\/\/diarioregionaldigital.com.br\/?p=173481"},"modified":"2020-11-20T15:10:29","modified_gmt":"2020-11-20T18:10:29","slug":"pm-registra-tres-ocorrencias-de-roubo-nas-regioes-central-e-norte","status":"publish","type":"post","link":"https:\/\/diarioregionaldigital.com.br\/?p=173481","title":{"rendered":"PM registra tr\u00eas ocorr\u00eancias de roubo nas Regi\u00f5es Central e Norte"},"content":{"rendered":"<p><span style=\"font-weight: 400;\">Na quinta-feira (19), a Pol\u00edcia Militar (PM), registrou um total de tr\u00eas ocorr\u00eancias referentes a roubo, ocorridos nas Regi\u00f5es Central e Norte em Juiz de Fora.\u00a0<\/span><\/p>\n<p><span style=\"font-weight: 400;\">O primeiro caso foi na manh\u00e3 de quinta, na Rua Manoel Bernardino, no Bairro S\u00e3o Mateus (Regi\u00e3o Central), onde uma mulher de 38 anos, foi abordada por um homem de jaqueta marrom e cal\u00e7a jeans. O mesmo fez amea\u00e7as contra a v\u00edtima e disse estar armado. Diante da situa\u00e7\u00e3o, o suspeito roubou o telefone celular e fugiu do local, tomando sentido ignorado.\u00a0<\/span><\/p>\n<p><span style=\"font-weight: 400;\">O segundo caso ocorreu por volta das 20h00, na Rua Esp\u00edrito Santo, no Centro, onde um jovem de 22 anos, foi abordado por tr\u00eas indiv\u00edduos, sendo que dois deles estava com posse de canivete e o outro com arma de fogo. A v\u00edtima teve o telefone celular e um capacete roubados. Conforme o Boletim de Ocorr\u00eancia (BO), os suspeitos n\u00e3o foram encontrados at\u00e9 ent\u00e3o.<\/span><\/p>\n<p><span style=\"font-weight: 400;\">A terceira e \u00faltima situa\u00e7\u00e3o foi no Bairro Barbosa Lage (Regi\u00e3o Norte), onde um homem de 19 anos e uma mulher de 18, foram abordados por quatro indiv\u00edduos armados com facas. Os autores fizeram amea\u00e7as de morte e roubaram dois telefones celulares, al\u00e9m de documentos pessoais. Em relatos aos policiais, as v\u00edtimas contam que os indiv\u00edduos fugiram em dire\u00e7\u00e3o ao J\u00f3quei Clube III.<\/span><\/p>\n","protected":false},"excerpt":{"rendered":"<p>Na quinta-feira (19), a Pol\u00edcia Militar (PM), registrou um total de tr\u00eas ocorr\u00eancias referentes a roubo, ocorridos nas Regi\u00f5es Central e Norte em Juiz de Fora.\u00a0 O primeiro caso foi na manh\u00e3 de quinta, na Rua Manoel Bernardino, no Bairro S\u00e3o Mateus (Regi\u00e3o Central), onde uma mulher de 38 anos, foi abordada por um homem [&hellip;]<\/p>\n","protected":false},"author":96,"featured_media":173484,"comment_status":"closed","ping_status":"closed","sticky":false,"template":"","format":"standard","meta":{"footnotes":""},"categories":[301,436,440,439],"tags":[],"class_list":["post-173481","post","type-post","status-publish","format-standard","has-post-thumbnail","hentry","category-artigos-policiais","category-destaque-da-semana","category-destaques-do-dia","category-ultima-hora"],"_links":{"self":[{"href":"https:\/\/diarioregionaldigital.com.br\/index.php?rest_route=\/wp\/v2\/posts\/173481","targetHints":{"allow":["GET"]}}],"collection":[{"href":"https:\/\/diarioregionaldigital.com.br\/index.php?rest_route=\/wp\/v2\/posts"}],"about":[{"href":"https:\/\/diarioregionaldigital.com.br\/index.php?rest_route=\/wp\/v2\/types\/post"}],"author":[{"embeddable":true,"href":"https:\/\/diarioregionaldigital.com.br\/index.php?rest_route=\/wp\/v2\/users\/96"}],"replies":[{"embeddable":true,"href":"https:\/\/diarioregionaldigital.com.br\/index.php?rest_route=%2Fwp%2Fv2%2Fcomments&post=173481"}],"version-history":[{"count":0,"href":"https:\/\/diarioregionaldigital.com.br\/index.php?rest_route=\/wp\/v2\/posts\/173481\/revisions"}],"wp:featuredmedia":[{"embeddable":true,"href":"https:\/\/diarioregionaldigital.com.br\/index.php?rest_route=\/wp\/v2\/media\/173484"}],"wp:attachment":[{"href":"https:\/\/diarioregionaldigital.com.br\/index.php?rest_route=%2Fwp%2Fv2%2Fmedia&parent=173481"}],"wp:term":[{"taxonomy":"category","embeddable":true,"href":"https:\/\/diarioregionaldigital.com.br\/index.php?rest_route=%2Fwp%2Fv2%2Fcategories&post=173481"},{"taxonomy":"post_tag","embeddable":true,"href":"https:\/\/diarioregionaldigital.com.br\/index.php?rest_route=%2Fwp%2Fv2%2Ftags&post=173481"}],"curies":[{"name":"wp","href":"https:\/\/api.w.org\/{rel}","templated":true}]}}