{"id":173429,"date":"2020-11-19T18:30:35","date_gmt":"2020-11-19T21:30:35","guid":{"rendered":"https:\/\/diarioregionaldigital.com.br\/?p=173429"},"modified":"2020-11-19T18:30:35","modified_gmt":"2020-11-19T21:30:35","slug":"coronavirus-municipio-acumula-290-vidas-perdidas","status":"publish","type":"post","link":"https:\/\/diarioregionaldigital.com.br\/?p=173429","title":{"rendered":"Coronav\u00edrus: Munic\u00edpio acumula 290 vidas perdidas"},"content":{"rendered":"<p>O novo boletim epidemiol\u00f3gico divulgado nesta quinta-feira (19) pela Secretaria de Sa\u00fade (SS) da Prefeitura de Juiz de Fora (PJF), aponta que o munic\u00edpio registrou mais cinco mortes decorrentes do Coronav\u00edrus, acumulando 290 \u00f3bitos. De acordo com o levantamento, nas \u00faltimas 24h foram registrados mais 61 novos casos, totalizando 8.383 pessoas infectadas e 28.677 pacientes s\u00e3o suspeitos de terem a doen\u00e7a.<\/p>\n<p><b>\u00d3bitos<\/b><\/p>\n<p>Idoso, de 76 anos, morreu nessa quarta-feira, 18. Comorbidades: Doen\u00e7a Cardiovascular Cr\u00f4nica (DCC) e Doen\u00e7a Renal Cr\u00f4nica (DRC);<\/p>\n<p>Idosa, de 81 anos, morreu nessa quarta-feira, 18. Comorbidades: Doen\u00e7a Cardiovascular Cr\u00f4nica (DCC) e vasculopatia;<\/p>\n<p>Idosa, de 81 anos, morreu na ter\u00e7a-feira, 17. Comorbidades: Doen\u00e7a Cardiovascular Cr\u00f4nica (DCC), Doen\u00e7a Renal Cr\u00f4nica (DRC) e Pneumopatia Cr\u00f4nica;<\/p>\n<p>Idosa, de 61 anos, morreu nesta quinta-feira, 19. Comorbidades: Doen\u00e7a Cardiovascular Cr\u00f4nica (DCC) e obesidade.<\/p>\n<p>Idosa, de 80 anos, morreu nesta quinta-feira, 19. Comorbidades: Diabetes Mellitus, Hipertens\u00e3o Arterial Sist\u00eamica (HAS) e epilepsia.<\/p>\n<p><b>Leitos\u00a0<\/b><\/p>\n<p>Segundo informa\u00e7\u00f5es da PJF, os leitos de enfermaria est\u00e3o com 63,95% de ocupa\u00e7\u00e3o. J\u00e1 os os leitos de UTI e SUS, est\u00e3o com taxa de 81,27% e 83,61% respectivamente.<\/p>\n","protected":false},"excerpt":{"rendered":"<p>O novo boletim epidemiol\u00f3gico divulgado nesta quinta-feira (19) pela Secretaria de Sa\u00fade (SS) da Prefeitura de Juiz de Fora (PJF), aponta que o munic\u00edpio registrou mais cinco mortes decorrentes do Coronav\u00edrus, acumulando 290 \u00f3bitos. De acordo com o levantamento, nas \u00faltimas 24h foram registrados mais 61 novos casos, totalizando 8.383 pessoas infectadas e 28.677 pacientes [&hellip;]<\/p>\n","protected":false},"author":96,"featured_media":169668,"comment_status":"closed","ping_status":"closed","sticky":false,"template":"","format":"standard","meta":{"footnotes":""},"categories":[253,436,440,439],"tags":[],"class_list":["post-173429","post","type-post","status-publish","format-standard","has-post-thumbnail","hentry","category-cidade","category-destaque-da-semana","category-destaques-do-dia","category-ultima-hora"],"_links":{"self":[{"href":"https:\/\/diarioregionaldigital.com.br\/index.php?rest_route=\/wp\/v2\/posts\/173429","targetHints":{"allow":["GET"]}}],"collection":[{"href":"https:\/\/diarioregionaldigital.com.br\/index.php?rest_route=\/wp\/v2\/posts"}],"about":[{"href":"https:\/\/diarioregionaldigital.com.br\/index.php?rest_route=\/wp\/v2\/types\/post"}],"author":[{"embeddable":true,"href":"https:\/\/diarioregionaldigital.com.br\/index.php?rest_route=\/wp\/v2\/users\/96"}],"replies":[{"embeddable":true,"href":"https:\/\/diarioregionaldigital.com.br\/index.php?rest_route=%2Fwp%2Fv2%2Fcomments&post=173429"}],"version-history":[{"count":0,"href":"https:\/\/diarioregionaldigital.com.br\/index.php?rest_route=\/wp\/v2\/posts\/173429\/revisions"}],"wp:featuredmedia":[{"embeddable":true,"href":"https:\/\/diarioregionaldigital.com.br\/index.php?rest_route=\/wp\/v2\/media\/169668"}],"wp:attachment":[{"href":"https:\/\/diarioregionaldigital.com.br\/index.php?rest_route=%2Fwp%2Fv2%2Fmedia&parent=173429"}],"wp:term":[{"taxonomy":"category","embeddable":true,"href":"https:\/\/diarioregionaldigital.com.br\/index.php?rest_route=%2Fwp%2Fv2%2Fcategories&post=173429"},{"taxonomy":"post_tag","embeddable":true,"href":"https:\/\/diarioregionaldigital.com.br\/index.php?rest_route=%2Fwp%2Fv2%2Ftags&post=173429"}],"curies":[{"name":"wp","href":"https:\/\/api.w.org\/{rel}","templated":true}]}}