{"id":173401,"date":"2020-11-19T14:30:46","date_gmt":"2020-11-19T17:30:46","guid":{"rendered":"https:\/\/diarioregionaldigital.com.br\/?p=173401"},"modified":"2020-11-19T14:30:46","modified_gmt":"2020-11-19T17:30:46","slug":"jovem-pula-pela-janela-de-um-edificio-para-fugir-de-agressoes-do-companheiro","status":"publish","type":"post","link":"https:\/\/diarioregionaldigital.com.br\/?p=173401","title":{"rendered":"Jovem pula pela janela de um edif\u00edcio, para fugir de agress\u00f5es do companheiro"},"content":{"rendered":"<p><span style=\"font-weight: 400;\">Uma jovem de 29 anos, pulou pela janela de um edif\u00edcio localizado <\/span><span style=\"font-weight: 400;\">na Rua Maria Jos\u00e9 de Oliveira, no Bairro S\u00e3o Francisco (Regi\u00e3o Norte), para fugir das agress\u00f5es de seu companheiro, 34 anos. De acordo com informa\u00e7\u00f5es da Pol\u00edcia Militar (PM), o caso ocorreu na madrugada de quarta-feira (18).<\/span><\/p>\n<p><span style=\"font-weight: 400;\">Conforme relatos da v\u00edtima, o autor chegou embriagado em sua resid\u00eancia e desferiu agress\u00f5es. Diante da situa\u00e7\u00e3o, a jovem pulou pela janela do 4\u00ba andar do im\u00f3vel e teve seu tornozelo quebrado. Ela foi encaminhada para um hospital da regi\u00e3o e passou por cirurgia.<\/span><\/p>\n<p><span style=\"font-weight: 400;\">O autor do crime n\u00e3o foi localizado at\u00e9 ent\u00e3o e a Pol\u00edcia Civil (PCMG), ir\u00e1 investigar sobre o caso.<\/span><\/p>\n","protected":false},"excerpt":{"rendered":"<p>Uma jovem de 29 anos, pulou pela janela de um edif\u00edcio localizado na Rua Maria Jos\u00e9 de Oliveira, no Bairro S\u00e3o Francisco (Regi\u00e3o Norte), para fugir das agress\u00f5es de seu companheiro, 34 anos. De acordo com informa\u00e7\u00f5es da Pol\u00edcia Militar (PM), o caso ocorreu na madrugada de quarta-feira (18). Conforme relatos da v\u00edtima, o autor [&hellip;]<\/p>\n","protected":false},"author":96,"featured_media":172681,"comment_status":"closed","ping_status":"closed","sticky":false,"template":"","format":"standard","meta":{"footnotes":""},"categories":[301,436,439],"tags":[],"class_list":["post-173401","post","type-post","status-publish","format-standard","has-post-thumbnail","hentry","category-artigos-policiais","category-destaque-da-semana","category-ultima-hora"],"_links":{"self":[{"href":"https:\/\/diarioregionaldigital.com.br\/index.php?rest_route=\/wp\/v2\/posts\/173401","targetHints":{"allow":["GET"]}}],"collection":[{"href":"https:\/\/diarioregionaldigital.com.br\/index.php?rest_route=\/wp\/v2\/posts"}],"about":[{"href":"https:\/\/diarioregionaldigital.com.br\/index.php?rest_route=\/wp\/v2\/types\/post"}],"author":[{"embeddable":true,"href":"https:\/\/diarioregionaldigital.com.br\/index.php?rest_route=\/wp\/v2\/users\/96"}],"replies":[{"embeddable":true,"href":"https:\/\/diarioregionaldigital.com.br\/index.php?rest_route=%2Fwp%2Fv2%2Fcomments&post=173401"}],"version-history":[{"count":0,"href":"https:\/\/diarioregionaldigital.com.br\/index.php?rest_route=\/wp\/v2\/posts\/173401\/revisions"}],"wp:featuredmedia":[{"embeddable":true,"href":"https:\/\/diarioregionaldigital.com.br\/index.php?rest_route=\/wp\/v2\/media\/172681"}],"wp:attachment":[{"href":"https:\/\/diarioregionaldigital.com.br\/index.php?rest_route=%2Fwp%2Fv2%2Fmedia&parent=173401"}],"wp:term":[{"taxonomy":"category","embeddable":true,"href":"https:\/\/diarioregionaldigital.com.br\/index.php?rest_route=%2Fwp%2Fv2%2Fcategories&post=173401"},{"taxonomy":"post_tag","embeddable":true,"href":"https:\/\/diarioregionaldigital.com.br\/index.php?rest_route=%2Fwp%2Fv2%2Ftags&post=173401"}],"curies":[{"name":"wp","href":"https:\/\/api.w.org\/{rel}","templated":true}]}}