{"id":173333,"date":"2020-11-18T17:36:50","date_gmt":"2020-11-18T20:36:50","guid":{"rendered":"https:\/\/diarioregionaldigital.com.br\/?p=173333"},"modified":"2020-11-18T17:39:06","modified_gmt":"2020-11-18T20:39:06","slug":"homem-suspeito-de-atear-fogo-em-companheira-e-preso-pela-policia-civil","status":"publish","type":"post","link":"https:\/\/diarioregionaldigital.com.br\/?p=173333","title":{"rendered":"Homem suspeito de atear fogo em companheira, \u00e9 preso pela Pol\u00edcia Civil"},"content":{"rendered":"<p><span style=\"font-weight: 400;\">Em opera\u00e7\u00e3o realizada nesta quarta-feira (18), a Pol\u00edcia Civil de Minas Gerais (PCMG), cumpriu um mandado de pris\u00e3o, em desfavor de um homem de 41 anos, suspeito de atear fogo em sua companheira, de 24 anos. O crime ocorreu no dia 27 de setembro, ap\u00f3s haver discuss\u00e3o entre o casal. O suspeito foi encaminhado ao sistema prisional, permanecendo \u00e0 disposi\u00e7\u00e3o da Justi\u00e7a.<\/span><\/p>\n<p><span style=\"font-weight: 400;\">A a\u00e7\u00e3o foi realizada pela equipe da Delegacia Especializada de Atendimento \u00e0 Mulher, com apoio da inspetoria da 1\u00aa Delegacia Regional, na localidade de Toledos, na Zona Rural do munic\u00edpio de Juiz de Fora, na Zona da Mata mineira.<\/span><\/p>\n<p><span style=\"font-weight: 400;\">De acordo com a Delegada Larissa Mar\u00e7al, a m\u00e3e da v\u00edtima procurou a unidade policial, para fazer a den\u00fancia da agress\u00e3o contra a jovem, informando ainda que a filha de 4 anos, presenciou o ocorrido:<\/span><\/p>\n<p><span style=\"font-weight: 400;\">\u201cEla sofreu queimaduras graves pelo corpo. A v\u00edtima foi atendida pelo Servi\u00e7o de Atendimento M\u00f3vel de Urg\u00eancia (SAMU) e encaminhada ao Hospital de Pronto Socorro Doutor Mozart Teixeira (HPS), onde ficou internada na unidade intensiva vindo a falecer alguns dias depois, em decorr\u00eancia das les\u00f5es sofridas\u201d, explicou, complementando que foram realizados diversos trabalhos investigativos, oitivas e exames periciais que resultaram na representa\u00e7\u00e3o da delegada pela pris\u00e3o preventiva do homem.<\/span><\/p>\n","protected":false},"excerpt":{"rendered":"<p>Em opera\u00e7\u00e3o realizada nesta quarta-feira (18), a Pol\u00edcia Civil de Minas Gerais (PCMG), cumpriu um mandado de pris\u00e3o, em desfavor de um homem de 41 anos, suspeito de atear fogo em sua companheira, de 24 anos. O crime ocorreu no dia 27 de setembro, ap\u00f3s haver discuss\u00e3o entre o casal. O suspeito foi encaminhado ao [&hellip;]<\/p>\n","protected":false},"author":96,"featured_media":173334,"comment_status":"closed","ping_status":"closed","sticky":false,"template":"","format":"standard","meta":{"footnotes":""},"categories":[301,436,440,439],"tags":[],"class_list":["post-173333","post","type-post","status-publish","format-standard","has-post-thumbnail","hentry","category-artigos-policiais","category-destaque-da-semana","category-destaques-do-dia","category-ultima-hora"],"_links":{"self":[{"href":"https:\/\/diarioregionaldigital.com.br\/index.php?rest_route=\/wp\/v2\/posts\/173333","targetHints":{"allow":["GET"]}}],"collection":[{"href":"https:\/\/diarioregionaldigital.com.br\/index.php?rest_route=\/wp\/v2\/posts"}],"about":[{"href":"https:\/\/diarioregionaldigital.com.br\/index.php?rest_route=\/wp\/v2\/types\/post"}],"author":[{"embeddable":true,"href":"https:\/\/diarioregionaldigital.com.br\/index.php?rest_route=\/wp\/v2\/users\/96"}],"replies":[{"embeddable":true,"href":"https:\/\/diarioregionaldigital.com.br\/index.php?rest_route=%2Fwp%2Fv2%2Fcomments&post=173333"}],"version-history":[{"count":0,"href":"https:\/\/diarioregionaldigital.com.br\/index.php?rest_route=\/wp\/v2\/posts\/173333\/revisions"}],"wp:featuredmedia":[{"embeddable":true,"href":"https:\/\/diarioregionaldigital.com.br\/index.php?rest_route=\/wp\/v2\/media\/173334"}],"wp:attachment":[{"href":"https:\/\/diarioregionaldigital.com.br\/index.php?rest_route=%2Fwp%2Fv2%2Fmedia&parent=173333"}],"wp:term":[{"taxonomy":"category","embeddable":true,"href":"https:\/\/diarioregionaldigital.com.br\/index.php?rest_route=%2Fwp%2Fv2%2Fcategories&post=173333"},{"taxonomy":"post_tag","embeddable":true,"href":"https:\/\/diarioregionaldigital.com.br\/index.php?rest_route=%2Fwp%2Fv2%2Ftags&post=173333"}],"curies":[{"name":"wp","href":"https:\/\/api.w.org\/{rel}","templated":true}]}}