{"id":173302,"date":"2020-11-18T13:40:56","date_gmt":"2020-11-18T16:40:56","guid":{"rendered":"https:\/\/diarioregionaldigital.com.br\/?p=173302"},"modified":"2020-11-18T13:40:56","modified_gmt":"2020-11-18T16:40:56","slug":"pm-apreende-materiais-relacionados-ao-trafico-no-vila-ideal","status":"publish","type":"post","link":"https:\/\/diarioregionaldigital.com.br\/?p=173302","title":{"rendered":"PM apreende materiais relacionados ao tr\u00e1fico no Vila Ideal"},"content":{"rendered":"<p>A Pol\u00edcia Militar (PM) realizava um patrulhamento pelo Bairro Vila Ideal (Regi\u00e3o Sudeste), quando em um determinado momento, avistou tr\u00eas menores infratores no local, que ao notarem a presen\u00e7a da viatura, empreenderam fuga.<\/p>\n<p>Atrav\u00e9s de planejamento t\u00e1tico, os militares conseguiram alcan\u00e7ar e abordar os autores. Durante buscas no local e com aux\u00edlio de c\u00e3o farejador, foram encontradas 39 por\u00e7\u00f5es de maconha. Al\u00e9m disso, foram apreendidos um telefone celular e a quantia de R$569,00 em dinheiro. Diante dos fatos, os adolescentes foram apreendidos e encaminhados para a Delegacia.<\/p>\n","protected":false},"excerpt":{"rendered":"<p>A Pol\u00edcia Militar (PM) realizava um patrulhamento pelo Bairro Vila Ideal (Regi\u00e3o Sudeste), quando em um determinado momento, avistou tr\u00eas menores infratores no local, que ao notarem a presen\u00e7a da viatura, empreenderam fuga. Atrav\u00e9s de planejamento t\u00e1tico, os militares conseguiram alcan\u00e7ar e abordar os autores. Durante buscas no local e com aux\u00edlio de c\u00e3o farejador, [&hellip;]<\/p>\n","protected":false},"author":96,"featured_media":173304,"comment_status":"closed","ping_status":"closed","sticky":false,"template":"","format":"standard","meta":{"footnotes":""},"categories":[301,436,440,439],"tags":[],"class_list":["post-173302","post","type-post","status-publish","format-standard","has-post-thumbnail","hentry","category-artigos-policiais","category-destaque-da-semana","category-destaques-do-dia","category-ultima-hora"],"_links":{"self":[{"href":"https:\/\/diarioregionaldigital.com.br\/index.php?rest_route=\/wp\/v2\/posts\/173302","targetHints":{"allow":["GET"]}}],"collection":[{"href":"https:\/\/diarioregionaldigital.com.br\/index.php?rest_route=\/wp\/v2\/posts"}],"about":[{"href":"https:\/\/diarioregionaldigital.com.br\/index.php?rest_route=\/wp\/v2\/types\/post"}],"author":[{"embeddable":true,"href":"https:\/\/diarioregionaldigital.com.br\/index.php?rest_route=\/wp\/v2\/users\/96"}],"replies":[{"embeddable":true,"href":"https:\/\/diarioregionaldigital.com.br\/index.php?rest_route=%2Fwp%2Fv2%2Fcomments&post=173302"}],"version-history":[{"count":0,"href":"https:\/\/diarioregionaldigital.com.br\/index.php?rest_route=\/wp\/v2\/posts\/173302\/revisions"}],"wp:featuredmedia":[{"embeddable":true,"href":"https:\/\/diarioregionaldigital.com.br\/index.php?rest_route=\/wp\/v2\/media\/173304"}],"wp:attachment":[{"href":"https:\/\/diarioregionaldigital.com.br\/index.php?rest_route=%2Fwp%2Fv2%2Fmedia&parent=173302"}],"wp:term":[{"taxonomy":"category","embeddable":true,"href":"https:\/\/diarioregionaldigital.com.br\/index.php?rest_route=%2Fwp%2Fv2%2Fcategories&post=173302"},{"taxonomy":"post_tag","embeddable":true,"href":"https:\/\/diarioregionaldigital.com.br\/index.php?rest_route=%2Fwp%2Fv2%2Ftags&post=173302"}],"curies":[{"name":"wp","href":"https:\/\/api.w.org\/{rel}","templated":true}]}}