{"id":173300,"date":"2020-11-18T13:34:17","date_gmt":"2020-11-18T16:34:17","guid":{"rendered":"https:\/\/diarioregionaldigital.com.br\/?p=173300"},"modified":"2020-11-18T15:36:38","modified_gmt":"2020-11-18T18:36:38","slug":"motorista-de-uber-e-agredido-em-corrida-particular-no-bairro-salvaterra","status":"publish","type":"post","link":"https:\/\/diarioregionaldigital.com.br\/?p=173300","title":{"rendered":"Motorista de aplicativo \u00e9 agredido em corrida particular no Bairro Salvaterra"},"content":{"rendered":"<p>Na noite de ter\u00e7a-feira (17), um motorista de aplicativo, 43 anos, tinha acabado de efetuar uma corrida, quando foi abordado por um indiv\u00edduo, que pediu uma corrida particular, para um supermercado no Bairro Salvaterra (Regi\u00e3o Sul).<\/p>\n<p>Conforme o Boletim de Ocorr\u00eancia da Pol\u00edcia Militar (PM), durante o trajeto, o autor sacou uma arma de fogo, e anunciou o roubo, desferindo na v\u00edtima uma coronhada, atingindo na parte posterior da cabe\u00e7a.<\/p>\n<p>Durante o ato, o suspeito levou a quantia de R$ 250,00 em dinheiro e o telefone celular da v\u00edtima. Logo em seguida, o infrator fugiu do local e n\u00e3o foi encontrado.<\/p>\n","protected":false},"excerpt":{"rendered":"<p>Na noite de ter\u00e7a-feira (17), um motorista de aplicativo, 43 anos, tinha acabado de efetuar uma corrida, quando foi abordado por um indiv\u00edduo, que pediu uma corrida particular, para um supermercado no Bairro Salvaterra (Regi\u00e3o Sul). Conforme o Boletim de Ocorr\u00eancia da Pol\u00edcia Militar (PM), durante o trajeto, o autor sacou uma arma de fogo, [&hellip;]<\/p>\n","protected":false},"author":96,"featured_media":172681,"comment_status":"closed","ping_status":"closed","sticky":false,"template":"","format":"standard","meta":{"footnotes":""},"categories":[301,436,439],"tags":[],"class_list":["post-173300","post","type-post","status-publish","format-standard","has-post-thumbnail","hentry","category-artigos-policiais","category-destaque-da-semana","category-ultima-hora"],"_links":{"self":[{"href":"https:\/\/diarioregionaldigital.com.br\/index.php?rest_route=\/wp\/v2\/posts\/173300","targetHints":{"allow":["GET"]}}],"collection":[{"href":"https:\/\/diarioregionaldigital.com.br\/index.php?rest_route=\/wp\/v2\/posts"}],"about":[{"href":"https:\/\/diarioregionaldigital.com.br\/index.php?rest_route=\/wp\/v2\/types\/post"}],"author":[{"embeddable":true,"href":"https:\/\/diarioregionaldigital.com.br\/index.php?rest_route=\/wp\/v2\/users\/96"}],"replies":[{"embeddable":true,"href":"https:\/\/diarioregionaldigital.com.br\/index.php?rest_route=%2Fwp%2Fv2%2Fcomments&post=173300"}],"version-history":[{"count":0,"href":"https:\/\/diarioregionaldigital.com.br\/index.php?rest_route=\/wp\/v2\/posts\/173300\/revisions"}],"wp:featuredmedia":[{"embeddable":true,"href":"https:\/\/diarioregionaldigital.com.br\/index.php?rest_route=\/wp\/v2\/media\/172681"}],"wp:attachment":[{"href":"https:\/\/diarioregionaldigital.com.br\/index.php?rest_route=%2Fwp%2Fv2%2Fmedia&parent=173300"}],"wp:term":[{"taxonomy":"category","embeddable":true,"href":"https:\/\/diarioregionaldigital.com.br\/index.php?rest_route=%2Fwp%2Fv2%2Fcategories&post=173300"},{"taxonomy":"post_tag","embeddable":true,"href":"https:\/\/diarioregionaldigital.com.br\/index.php?rest_route=%2Fwp%2Fv2%2Ftags&post=173300"}],"curies":[{"name":"wp","href":"https:\/\/api.w.org\/{rel}","templated":true}]}}