{"id":173233,"date":"2020-11-17T15:32:41","date_gmt":"2020-11-17T18:32:41","guid":{"rendered":"https:\/\/diarioregionaldigital.com.br\/?p=173233"},"modified":"2020-11-17T15:32:41","modified_gmt":"2020-11-17T18:32:41","slug":"jogadora-carol-solberg-e-absolvida-pelo-stjd-por-manifestacao-politica","status":"publish","type":"post","link":"https:\/\/diarioregionaldigital.com.br\/?p=173233","title":{"rendered":"Jogadora Carol Solberg \u00e9 absolvida pelo STJD, por manifesta\u00e7\u00e3o pol\u00edtica"},"content":{"rendered":"<p><span style=\"font-weight: 400;\">Em julgamento realizado na segunda-feira (16), de forma virtual), o Superior Tribunal de Justi\u00e7a Desportiva (STJD), decidiu absolver a jogadora de v\u00f4lei de praia, Carol Solberg, por conta do caso de manifesta\u00e7\u00e3o pol\u00edtica, durante uma entrevista televisiva, ap\u00f3s conquistar medalha de bronze na primeira etapa do Circuito Brasileiro de V\u00f4lei de Praia. Naquela ocasi\u00e3o, Carol havia gritado \u201cFora Bolsonaro\u201d.<\/span><\/p>\n<p><span style=\"font-weight: 400;\">Por 5 votos a 4, o pleno optou por inocentar a atleta e tamb\u00e9m reverteu a decis\u00e3o feita no \u00faltimo dia 13 de outubro, no qual a jogadora foi advertida pela 1\u00aa Comiss\u00e3o Disciplinar do STJD.\u00a0<\/span><\/p>\n<p><span style=\"font-weight: 400;\">Votaram a favor da absolvi\u00e7\u00e3o os auditores Raquel Lima, Gilmar Teixeira, Julia Costa, Tamoio Marcondes e Milton Jord\u00e3o. J\u00e1 o restante que votou pela puni\u00e7\u00e3o, \u00e9 formado pelo presidente Alexandre Monguilhott, bem como Eduardo Mello (vice), Vantuil Gon\u00e7alves e Celio Salim Thomaz.<\/span><\/p>\n<p><span style=\"font-weight: 400;\">Mesmo ter recebido somente uma advert\u00eancia em primeira inst\u00e2ncia, Carol recorreu ao Pleno, alegando n\u00e3o concordar com a senten\u00e7a e considera que n\u00e3o &#8220;feriu ou desrespeitou&#8221; nenhuma lei e para defender a liberdade de express\u00e3o dos atletas.<\/span><\/p>\n<p><span style=\"font-weight: 400;\">Naquela ocasi\u00e3o, a atleta\u00a0 foi denunciada com base nos artigos 191 e 258 do C\u00f3digo Brasileiro de Justi\u00e7a Desportiva (CBJD). Um deles \u00e9 referente ao cumprimento de regulamento da competi\u00e7\u00e3o: \u201cdeixar de cumprir, ou dificultar o cumprimento de regulamento, geral ou especial, de competi\u00e7\u00e3o\u201d. E o segundo \u00e0 atitude antidesportiva: \u201cassumir qualquer conduta contr\u00e1ria \u00e0 disciplina ou \u00e0 \u00e9tica desportiva n\u00e3o tipificada pelas demais regras deste C\u00f3digo \u00e0 atitude antidesportiva\u201d.<\/span><\/p>\n<p><span style=\"font-weight: 400;\">Para os advogados <\/span><span style=\"font-weight: 400;\">Felipe Santa Cruz, atual presidente da Ordem dos Advogados do Brasil (OAB), e Leonardo Andreotti, ex-presidente do pr\u00f3prio STJD do V\u00f4lei, a defesa da jogadora entrou com recurso, para reverter a decis\u00e3o tomada em primeira inst\u00e2ncia. Para conseguir a absolvi\u00e7\u00e3o de Carol, os advogados optaram por uma defesa estritamente t\u00e9cnica:<\/span><\/p>\n<p><span style=\"font-weight: 400;\">\u201cA discuss\u00e3o \u00e9 se a norma regulamentar veda efetivamente a manifesta\u00e7\u00e3o perpetrada pela atleta. Correta ou n\u00e3o o comportamento, conveniente ou n\u00e3o a conduta perpetrada pela atleta. Se h\u00e1 a inten\u00e7\u00e3o de vedar a manifesta\u00e7\u00e3o, fica evidente que esse papel legislativo, esse papel regulamentar cabe evidentemente \u00e0 entidade que det\u00e9m a autonomia em termos de auto regula\u00e7\u00e3o, que \u00e9 a entidade nacional de administra\u00e7\u00e3o do desporto, que \u00e9 neste caso a CBV, e jamais ao tribunal, que evidentemente deve aplicar a regra sem emitir ju\u00edzo de valor a cerca de uma interpreta\u00e7\u00e3o &#8220;elastecida&#8221; de uma forma que naturalmente se mostra permissiva na medida em que n\u00e3o h\u00e1 uma veda\u00e7\u00e3o para a conduta perpetrada pela atleta\u201d frisa Leonardo Andreotti.\u00a0<\/span><\/p>\n<p><span style=\"font-weight: 400;\">A fala do advogado foi da mesma linha de racioc\u00ednio, dos auditores presentes no julgamento. Diante disso, optaram por absolver Carol Solberg, dizendo que a manifesta\u00e7\u00e3o pol\u00edtica desferida pela atleta, n\u00e3o afeta diretamente a imagem da CBV junto aos seus parceiros e patrocinadores. Eles afirmam tamb\u00e9m que n\u00e3o significa que o Pleno do STJD do v\u00f4lei esteja de acordo com manifesta\u00e7\u00f5es pol\u00edticas em eventos e ambientes esportivos. Para os auditores, \u00e9 necess\u00e1rio que seja feita uma mudan\u00e7a no regulamento, com o objetivo de esclarecer e diminuir interpreta\u00e7\u00f5es a cerca do que \u00e9 ou n\u00e3o permitido aos atletas em situa\u00e7\u00f5es como essas.<\/span><\/p>\n","protected":false},"excerpt":{"rendered":"<p>Em julgamento realizado na segunda-feira (16), de forma virtual), o Superior Tribunal de Justi\u00e7a Desportiva (STJD), decidiu absolver a jogadora de v\u00f4lei de praia, Carol Solberg, por conta do caso de manifesta\u00e7\u00e3o pol\u00edtica, durante uma entrevista televisiva, ap\u00f3s conquistar medalha de bronze na primeira etapa do Circuito Brasileiro de V\u00f4lei de Praia. Naquela ocasi\u00e3o, Carol [&hellip;]<\/p>\n","protected":false},"author":96,"featured_media":173234,"comment_status":"closed","ping_status":"closed","sticky":false,"template":"","format":"standard","meta":{"footnotes":""},"categories":[436,257,439],"tags":[],"class_list":["post-173233","post","type-post","status-publish","format-standard","has-post-thumbnail","hentry","category-destaque-da-semana","category-esporte","category-ultima-hora"],"_links":{"self":[{"href":"https:\/\/diarioregionaldigital.com.br\/index.php?rest_route=\/wp\/v2\/posts\/173233","targetHints":{"allow":["GET"]}}],"collection":[{"href":"https:\/\/diarioregionaldigital.com.br\/index.php?rest_route=\/wp\/v2\/posts"}],"about":[{"href":"https:\/\/diarioregionaldigital.com.br\/index.php?rest_route=\/wp\/v2\/types\/post"}],"author":[{"embeddable":true,"href":"https:\/\/diarioregionaldigital.com.br\/index.php?rest_route=\/wp\/v2\/users\/96"}],"replies":[{"embeddable":true,"href":"https:\/\/diarioregionaldigital.com.br\/index.php?rest_route=%2Fwp%2Fv2%2Fcomments&post=173233"}],"version-history":[{"count":0,"href":"https:\/\/diarioregionaldigital.com.br\/index.php?rest_route=\/wp\/v2\/posts\/173233\/revisions"}],"wp:featuredmedia":[{"embeddable":true,"href":"https:\/\/diarioregionaldigital.com.br\/index.php?rest_route=\/wp\/v2\/media\/173234"}],"wp:attachment":[{"href":"https:\/\/diarioregionaldigital.com.br\/index.php?rest_route=%2Fwp%2Fv2%2Fmedia&parent=173233"}],"wp:term":[{"taxonomy":"category","embeddable":true,"href":"https:\/\/diarioregionaldigital.com.br\/index.php?rest_route=%2Fwp%2Fv2%2Fcategories&post=173233"},{"taxonomy":"post_tag","embeddable":true,"href":"https:\/\/diarioregionaldigital.com.br\/index.php?rest_route=%2Fwp%2Fv2%2Ftags&post=173233"}],"curies":[{"name":"wp","href":"https:\/\/api.w.org\/{rel}","templated":true}]}}