{"id":173230,"date":"2020-11-17T15:12:06","date_gmt":"2020-11-17T18:12:06","guid":{"rendered":"https:\/\/diarioregionaldigital.com.br\/?p=173230"},"modified":"2020-11-17T15:12:06","modified_gmt":"2020-11-17T18:12:06","slug":"antonio-almas-alerta-sobre-a-responsabilidade-individual-no-combate-a-covid-19","status":"publish","type":"post","link":"https:\/\/diarioregionaldigital.com.br\/?p=173230","title":{"rendered":"Ant\u00f4nio Almas alerta sobre a responsabilidade individual no combate \u00e0 covid-19"},"content":{"rendered":"<p><span style=\"font-weight: 400;\">Em transmiss\u00e3o ao vivo (live) realizada na manh\u00e3 desta ter\u00e7a-feira (17), o prefeito de Juiz de Fora, Ant\u00f4nio Almas, alertou, mais uma vez, sobre a responsabilidade de cada um no combate \u00e0 covid-19. \u201cVou ser insistente nesse assunto. Estamos vivendo um momento de aumento de casos. Estamos vendo muita aglomera\u00e7\u00e3o: eventos clandestinos, com\u00edcios e eventos pol\u00edticos. Aproveito e fa\u00e7o um alerta aos comerciantes tamb\u00e9m: cumpram os protocolos, porque n\u00e3o se pode descartar o risco de uma evolu\u00e7\u00e3o ruim justamente na \u00e9poca do Natal\u201d, enfatizou, pedindo a conscientiza\u00e7\u00e3o individual e dos comerciantes.<\/span><\/p>\n<p><b>N\u00fameros da Covid<\/b><\/p>\n<p><span style=\"font-weight: 400;\">Na semana passada, Juiz de Fora registrou 597 casos confirmados da doen\u00e7a. O n\u00famero s\u00f3 foi menor do que o registrado na semana de 28 de junho a 4 de julho, quando 626 casos foram confirmados. Hoje, s\u00e3o mais de 27 mil casos suspeitos, mais de oito mil confirmados e 280 mortes registradas. Duzentas e trinta e duas pessoas est\u00e3o internadas em virtude da covid, sendo 83 em leitos de Unidade de Terapia Intensiva (UTI) e 149 em enfermaria. A taxa de ocupa\u00e7\u00e3o de UTI do Sistema \u00danico de Sa\u00fade \u00e9 de 81,14%, e, no sistema privado, 80%. \u201cTemos um quadro que se agrava e precisamos entender. Nunca tivemos tantos pacientes em enfermaria e um aumento significativo em leitos privados. Estamos vendo atos de irresponsabilidade, que vamos pagar caro. O risco de colapso do sistema de sa\u00fade sempre existir\u00e1, mesmo aumentando o n\u00famero de leitos. Precisamos que haja diminui\u00e7\u00e3o da transmissibilidade. Ser\u00e1 preciso cada um de n\u00f3s perder algu\u00e9m querido para termos responsabilidade?\u201d<\/span><\/p>\n<p><span style=\"font-weight: 400;\">A taxa de isolamento m\u00e9dio \u00e9 de 40%. A cidade j\u00e1 chegou a 60%. Al\u00e9m do distanciamento ter diminu\u00eddo, a falta de distanciamento, o n\u00e3o uso ou uso incorreto de m\u00e1scara e o n\u00e3o cumprimento de regras m\u00ednimas de higiene, como lavar as m\u00e3os com \u00e1gua e sab\u00e3o ou utilizar \u00e1lcool em gel s\u00e3o fatores individuais que trazem reflexos diretos no aumento da doen\u00e7a. \u201cNo Brasil n\u00e3o podemos dizer que sa\u00edmos da primeira onda, pois em momento algum teve uma queda dr\u00e1stica dos n\u00fameros. Est\u00e1vamos num plat\u00f4. O m\u00ednimo de casos em uma semana foi 203.<\/span><\/p>\n<p><b>Eventos com aglomera\u00e7\u00e3o<\/b><\/p>\n<p><span style=\"font-weight: 400;\">A Secretaria de Meio Ambiente e Ordenamento Urbano (Semaur) expediu auto de notifica\u00e7\u00e3o a uma das organizadoras do evento &#8220;V\u00e3o Bora Amor&#8221;, que aconteceria no \u00faltimo final de semana. Para evitar serem descobertos, os realizadores de eventos est\u00e3o usando a estrat\u00e9gia de lista de whatsapp para venda antecipada das entradas. O local da festa s\u00f3 \u00e9 divulgado aos pagantes de ingresso 30 minutos antes do in\u00edcio. Apesar do esquema para burlar a proibi\u00e7\u00e3o desse tipo de evento, o Setor de Intelig\u00eancia da Guarda Municipal conseguiu os dados da produtora, o que possibilitou a notifica\u00e7\u00e3o antes da realiza\u00e7\u00e3o do evento. Organizadores de outro evento, sem licen\u00e7a, que aconteceria na BR-040, tamb\u00e9m no final de semana, foram notificados pelos fiscais de posturas sobre a proibi\u00e7\u00e3o da realiza\u00e7\u00e3o. A Pol\u00edcia Rodovi\u00e1ria Federal (PRF) foi acionada para acompanhar a situa\u00e7\u00e3o e agir, caso necess\u00e1rio. O Decreto Municipal 13.975\/2020 restringe a realiza\u00e7\u00e3o de eventos durante a pandemia de covid-19. A multa inicial por realiza\u00e7\u00e3o de promo\u00e7\u00f5es sem autoriza\u00e7\u00e3o \u00e9 de R$ 4.849,17, e o local pode ser interditado.<\/span><\/p>\n<p><span style=\"font-weight: 400;\">\u201cQue falta de responsabilidade desses organizadores e tamb\u00e9m de quem vai. N\u00e3o adianta s\u00f3 a fiscaliza\u00e7\u00e3o atuar. Se os eventos acontecem, \u00e9 porque tem pessoas que v\u00e3o. Ali\u00e1s, quem promove esses eventos pode responder judicialmente, pois \u00e9 crime expor as pessoas ao risco. Se cada um fizer a sua parte, podemos melhorar\u201d, ressalta Almas. Desde o in\u00edcio da pandemia, a Prefeitura j\u00e1 realizou mais de seis mil fiscaliza\u00e7\u00f5es devido ao descumprimento de algum item de combate \u00e0 covid.<\/span><\/p>\n<p><b>Onda amarela<\/b><\/p>\n<p><span style=\"font-weight: 400;\">Em reuni\u00e3o com o Comit\u00ea Municipal de Enfrentamento e Preven\u00e7\u00e3o \u00e0 Covid-19, realizada na \u00faltima quinta-feira (7), foi definida a regress\u00e3o do munic\u00edpio para a \u201conda amarela\u201d do Minas Consciente, devido ao n\u00famero de casos de coronav\u00edrus estarem muito altos. Na live, o prefeito deixou claro que, hoje, n\u00e3o h\u00e1 orienta\u00e7\u00e3o para que a cidade regrida para a \u201conda vermelha\u201d ou decrete lockdown. \u201cA regress\u00e3o depende do Minas Consciente. Se os n\u00fameros n\u00e3o melhorarem, o Estado pode entender que deva ter nova regress\u00e3o, restringindo mais na onda que estamos ou indo para \u00b4vermelha`. Se houver necessidade, faremos restri\u00e7\u00f5es\u201d.<\/span><\/p>\n<p><span style=\"font-weight: 400;\">O prefeito encerrou a live apelando, mais uma vez, para o senso de coletividade das pessoas, tanto individualmente, como de comerciantes, donos de bares e organizadores de eventos clandestinos: \u201cSaiamos de qualquer conflito ideol\u00f3gico ou eleitoral neste momento. Cada um, individualmente, pode fazer a diferen\u00e7a. Seguindo regras simples, como uso de m\u00e1scara, distanciamento, s\u00f3 sair se for preciso, fazer a higieniza\u00e7\u00e3o correta das m\u00e3os e superf\u00edcies de contato. Al\u00e9m disso, os donos de bar t\u00eam que garantir a seguran\u00e7a dos clientes, mas quem frequenta tamb\u00e9m. Precisamos assumir a responsabilidade disso. Ningu\u00e9m sabe como foi dif\u00edcil conseguir a amplia\u00e7\u00e3o dos leitos de UTI, pois n\u00e3o \u00e9 s\u00f3 o espa\u00e7o f\u00edsico. Existe burocracia com o estado e Governo federal, precisa de equipe, de gente que est\u00e1 se expondo e pode morrer por causa da sua exposi\u00e7\u00e3o irrespons\u00e1vel\u201d.<\/span><\/p>\n<p><strong>Fonte:<\/strong> Assessoria<\/p>\n","protected":false},"excerpt":{"rendered":"<p>Em transmiss\u00e3o ao vivo (live) realizada na manh\u00e3 desta ter\u00e7a-feira (17), o prefeito de Juiz de Fora, Ant\u00f4nio Almas, alertou, mais uma vez, sobre a responsabilidade de cada um no combate \u00e0 covid-19. \u201cVou ser insistente nesse assunto. Estamos vivendo um momento de aumento de casos. Estamos vendo muita aglomera\u00e7\u00e3o: eventos clandestinos, com\u00edcios e eventos [&hellip;]<\/p>\n","protected":false},"author":96,"featured_media":173231,"comment_status":"closed","ping_status":"closed","sticky":false,"template":"","format":"standard","meta":{"footnotes":""},"categories":[436,440,254,439],"tags":[],"class_list":["post-173230","post","type-post","status-publish","format-standard","has-post-thumbnail","hentry","category-destaque-da-semana","category-destaques-do-dia","category-politica","category-ultima-hora"],"_links":{"self":[{"href":"https:\/\/diarioregionaldigital.com.br\/index.php?rest_route=\/wp\/v2\/posts\/173230","targetHints":{"allow":["GET"]}}],"collection":[{"href":"https:\/\/diarioregionaldigital.com.br\/index.php?rest_route=\/wp\/v2\/posts"}],"about":[{"href":"https:\/\/diarioregionaldigital.com.br\/index.php?rest_route=\/wp\/v2\/types\/post"}],"author":[{"embeddable":true,"href":"https:\/\/diarioregionaldigital.com.br\/index.php?rest_route=\/wp\/v2\/users\/96"}],"replies":[{"embeddable":true,"href":"https:\/\/diarioregionaldigital.com.br\/index.php?rest_route=%2Fwp%2Fv2%2Fcomments&post=173230"}],"version-history":[{"count":0,"href":"https:\/\/diarioregionaldigital.com.br\/index.php?rest_route=\/wp\/v2\/posts\/173230\/revisions"}],"wp:featuredmedia":[{"embeddable":true,"href":"https:\/\/diarioregionaldigital.com.br\/index.php?rest_route=\/wp\/v2\/media\/173231"}],"wp:attachment":[{"href":"https:\/\/diarioregionaldigital.com.br\/index.php?rest_route=%2Fwp%2Fv2%2Fmedia&parent=173230"}],"wp:term":[{"taxonomy":"category","embeddable":true,"href":"https:\/\/diarioregionaldigital.com.br\/index.php?rest_route=%2Fwp%2Fv2%2Fcategories&post=173230"},{"taxonomy":"post_tag","embeddable":true,"href":"https:\/\/diarioregionaldigital.com.br\/index.php?rest_route=%2Fwp%2Fv2%2Ftags&post=173230"}],"curies":[{"name":"wp","href":"https:\/\/api.w.org\/{rel}","templated":true}]}}