{"id":173227,"date":"2020-11-17T15:08:10","date_gmt":"2020-11-17T18:08:10","guid":{"rendered":"https:\/\/diarioregionaldigital.com.br\/?p=173227"},"modified":"2020-11-17T15:08:10","modified_gmt":"2020-11-17T18:08:10","slug":"juiz-de-fora-tera-dois-atletas-de-bocha-no-bolim-de-ouro-brasil-2020","status":"publish","type":"post","link":"https:\/\/diarioregionaldigital.com.br\/?p=173227","title":{"rendered":"Juiz de Fora ter\u00e1 dois atletas de bocha no Bolim de Ouro Brasil 2020"},"content":{"rendered":"<p><span style=\"font-weight: 400;\">A Casa D\u2019Italia de Juiz de Fora, ter\u00e1 dois atletas participantes do torneio Bolim de Ouro Brasil 2020, que est\u00e1 marcado para ser realizado entre os dias 4 e 6 de dezembro, em S\u00e3o Paulo. A equipe contar\u00e1 com Everaldo Medeiros e Francisco Farinelli (Chico), que s\u00e3o estreantes na competi\u00e7\u00e3o. No geral, ser\u00e3o 92 atletas de diversos cantos do pa\u00eds.<\/span><\/p>\n<p><span style=\"font-weight: 400;\">Al\u00e9m disso, a Zona da Mata mineira ter\u00e1 tamb\u00e9m outros representantes na disputa. O Am\u00e9rica de S\u00e3o Jo\u00e3o del Rei, inscreveu os jogadores Christian Cipriani, Francis Cipriani, Cidmar Oliveira, Nilo Brighenti e Ant\u00f4nio Soares (Amaral).<\/span><\/p>\n<p><span style=\"font-weight: 400;\">Recentemente, o estado de S\u00e3o Paulo adotou a \u2018Onda Verde\u2019, baseada na pen\u00faltima fase de preven\u00e7\u00e3o ao Coronav\u00edrus. A realiza\u00e7\u00e3o do campeonato ser\u00e1 feita atrav\u00e9s dos protocolos b\u00e1sicos do n\u00edvel de restri\u00e7\u00e3o, estando assim autorizada pelo Poder P\u00fablico.<\/span><\/p>\n<p><span style=\"font-weight: 400;\">Ao todo, sete clubes ir\u00e3o receber a primeira fase da disputa: Corinthians, Juventus, AABB, Meninos FC, Indiano, S\u00e3o Jos\u00e9 do Ipiranga e Mesc.<\/span><\/p>\n<p><span style=\"font-weight: 400;\">Este ano ser\u00e1 a s\u00e9tima edi\u00e7\u00e3o do campeonato, que \u00e9 organizado desde 2014. Em 2018, a Casa D\u2019Italia de Juiz de Fora foi representada pelo catarinense Valdecir Garcia, atrav\u00e9s de parceria, que conquistou o t\u00edtulo naquela ocasi\u00e3o. Al\u00e9m disso, foi a primeira vez que o estado de Minas Gerais ganhou um campeonato de bocha em n\u00edvel nacional.<\/span><\/p>\n","protected":false},"excerpt":{"rendered":"<p>A Casa D\u2019Italia de Juiz de Fora, ter\u00e1 dois atletas participantes do torneio Bolim de Ouro Brasil 2020, que est\u00e1 marcado para ser realizado entre os dias 4 e 6 de dezembro, em S\u00e3o Paulo. A equipe contar\u00e1 com Everaldo Medeiros e Francisco Farinelli (Chico), que s\u00e3o estreantes na competi\u00e7\u00e3o. No geral, ser\u00e3o 92 atletas [&hellip;]<\/p>\n","protected":false},"author":96,"featured_media":173228,"comment_status":"closed","ping_status":"closed","sticky":false,"template":"","format":"standard","meta":{"footnotes":""},"categories":[436,257,439],"tags":[],"class_list":["post-173227","post","type-post","status-publish","format-standard","has-post-thumbnail","hentry","category-destaque-da-semana","category-esporte","category-ultima-hora"],"_links":{"self":[{"href":"https:\/\/diarioregionaldigital.com.br\/index.php?rest_route=\/wp\/v2\/posts\/173227","targetHints":{"allow":["GET"]}}],"collection":[{"href":"https:\/\/diarioregionaldigital.com.br\/index.php?rest_route=\/wp\/v2\/posts"}],"about":[{"href":"https:\/\/diarioregionaldigital.com.br\/index.php?rest_route=\/wp\/v2\/types\/post"}],"author":[{"embeddable":true,"href":"https:\/\/diarioregionaldigital.com.br\/index.php?rest_route=\/wp\/v2\/users\/96"}],"replies":[{"embeddable":true,"href":"https:\/\/diarioregionaldigital.com.br\/index.php?rest_route=%2Fwp%2Fv2%2Fcomments&post=173227"}],"version-history":[{"count":0,"href":"https:\/\/diarioregionaldigital.com.br\/index.php?rest_route=\/wp\/v2\/posts\/173227\/revisions"}],"wp:featuredmedia":[{"embeddable":true,"href":"https:\/\/diarioregionaldigital.com.br\/index.php?rest_route=\/wp\/v2\/media\/173228"}],"wp:attachment":[{"href":"https:\/\/diarioregionaldigital.com.br\/index.php?rest_route=%2Fwp%2Fv2%2Fmedia&parent=173227"}],"wp:term":[{"taxonomy":"category","embeddable":true,"href":"https:\/\/diarioregionaldigital.com.br\/index.php?rest_route=%2Fwp%2Fv2%2Fcategories&post=173227"},{"taxonomy":"post_tag","embeddable":true,"href":"https:\/\/diarioregionaldigital.com.br\/index.php?rest_route=%2Fwp%2Fv2%2Ftags&post=173227"}],"curies":[{"name":"wp","href":"https:\/\/api.w.org\/{rel}","templated":true}]}}