{"id":173158,"date":"2020-11-16T18:48:40","date_gmt":"2020-11-16T21:48:40","guid":{"rendered":"https:\/\/diarioregionaldigital.com.br\/?p=173158"},"modified":"2020-11-16T18:48:40","modified_gmt":"2020-11-16T21:48:40","slug":"jf-tem-mais-de-seis-mil-denuncias-de-desrespeito-as-normas-contra-covid-19","status":"publish","type":"post","link":"https:\/\/diarioregionaldigital.com.br\/?p=173158","title":{"rendered":"JF tem mais de seis mil den\u00fancias de desrespeito \u00e0s normas contra covid-19"},"content":{"rendered":"<p>A Guarda Municipal (GM) divulgou balan\u00e7o das chamadas atendidas pelo telefone 153, entre mar\u00e7o e novembro, referentes a den\u00fancias de funcionamento de estabelecimentos que contrariam regras dos decretos municipais de enfrentamento \u00e0 pandemia do coronav\u00edrus. At\u00e9 esta segunda-feira, 16, a central telef\u00f4nica da Guarda registrou 6.051 den\u00fancias. As liga\u00e7\u00f5es apresentaram escalada at\u00e9 junho, quando se deu o pico de reclama\u00e7\u00f5es, com 1.573 chamadas recebidas em apenas um m\u00eas. Julho ficou com 1.446, seguido de maio, com 837; abril, 632; agosto, 560; mar\u00e7o, 386; setembro, 266; outubro, 203; e novembro, 148. As varia\u00e7\u00f5es seguem a l\u00f3gica das fases mais restritivas para as mais liberadas das atividades econ\u00f4micas. A partir de agosto houve acentuada redu\u00e7\u00e3o dos registros, conferindo com a progress\u00e3o do Munic\u00edpio \u00e0 \u201conda amarela\u201d do programa &#8220;Minas Consciente&#8221;. Nessa fase houve gradual abertura de novos ramos de atividades, como os shoppings, academias, lojas de roupas e sal\u00f5es de beleza, bem como a amplia\u00e7\u00e3o do hor\u00e1rio de funcionamento de bares e restaurantes.<\/p>\n<p>Desde mar\u00e7o, quando foram publicados os primeiros decretos de enfrentamento \u00e0 crise sanit\u00e1ria, a Guarda disponibilizou sua central como canal de apoio para recebimento de den\u00fancias, uma vez que o setor tem funcionamento 24 horas. As demandas recebidas s\u00e3o registradas e encaminhadas para atendimento. A verifica\u00e7\u00e3o das irregularidades nos locais apontados \u00e9 antecedida de planejamento. De modo que a presen\u00e7a das equipes se d\u00e1 conforme capacidade operacional e escala de prioridade.<\/p>\n<p>Tr\u00eas setores da Prefeitura de Juiz de Fora (PJF) se integram para realiza\u00e7\u00e3o das dilig\u00eancias a estabelecimentos. secretarias de Seguran\u00e7a Urbana e Cidadania (Sesuc), de Meio Ambiente e Ordenamento Urbano (Semaur) e de Transporte e Tr\u00e2nsito (Settra). Elas formam a frente de trabalho das a\u00e7\u00f5es conjuntas, que acontecem em dias e hor\u00e1rios alternativos, a fim de possibilitar a comprova\u00e7\u00e3o da den\u00fancia.<\/p>\n<p>\u00c0 central telef\u00f4nica da Guarda se somam os demais canais de entrada de demandas. O cidad\u00e3o pode fazer contato com a fiscaliza\u00e7\u00e3o da Semaur, pelo 3690-7507, registrar sua queixa no canal da Ouvidoria do Munic\u00edpio, no \u201cFala.BR\u201d, dispon\u00edvel no site da Prefeitura, ou utilizar o aplicativo da Guarda Municipal, &#8220;Cidade Segura&#8221;. Para isso, basta baixar na loja de aplicativos do celular. Entre as cinco op\u00e7\u00f5es da tela inicial, o usu\u00e1rio encontrar\u00e1 o &#8220;Fa\u00e7a uma Den\u00fancia&#8221;.<\/p>\n<p><strong>Fonte:<\/strong> Assessoria<\/p>\n","protected":false},"excerpt":{"rendered":"<p>A Guarda Municipal (GM) divulgou balan\u00e7o das chamadas atendidas pelo telefone 153, entre mar\u00e7o e novembro, referentes a den\u00fancias de funcionamento de estabelecimentos que contrariam regras dos decretos municipais de enfrentamento \u00e0 pandemia do coronav\u00edrus. At\u00e9 esta segunda-feira, 16, a central telef\u00f4nica da Guarda registrou 6.051 den\u00fancias. As liga\u00e7\u00f5es apresentaram escalada at\u00e9 junho, quando se [&hellip;]<\/p>\n","protected":false},"author":96,"featured_media":173159,"comment_status":"closed","ping_status":"closed","sticky":false,"template":"","format":"standard","meta":{"footnotes":""},"categories":[253,436,439],"tags":[],"class_list":["post-173158","post","type-post","status-publish","format-standard","has-post-thumbnail","hentry","category-cidade","category-destaque-da-semana","category-ultima-hora"],"_links":{"self":[{"href":"https:\/\/diarioregionaldigital.com.br\/index.php?rest_route=\/wp\/v2\/posts\/173158","targetHints":{"allow":["GET"]}}],"collection":[{"href":"https:\/\/diarioregionaldigital.com.br\/index.php?rest_route=\/wp\/v2\/posts"}],"about":[{"href":"https:\/\/diarioregionaldigital.com.br\/index.php?rest_route=\/wp\/v2\/types\/post"}],"author":[{"embeddable":true,"href":"https:\/\/diarioregionaldigital.com.br\/index.php?rest_route=\/wp\/v2\/users\/96"}],"replies":[{"embeddable":true,"href":"https:\/\/diarioregionaldigital.com.br\/index.php?rest_route=%2Fwp%2Fv2%2Fcomments&post=173158"}],"version-history":[{"count":0,"href":"https:\/\/diarioregionaldigital.com.br\/index.php?rest_route=\/wp\/v2\/posts\/173158\/revisions"}],"wp:featuredmedia":[{"embeddable":true,"href":"https:\/\/diarioregionaldigital.com.br\/index.php?rest_route=\/wp\/v2\/media\/173159"}],"wp:attachment":[{"href":"https:\/\/diarioregionaldigital.com.br\/index.php?rest_route=%2Fwp%2Fv2%2Fmedia&parent=173158"}],"wp:term":[{"taxonomy":"category","embeddable":true,"href":"https:\/\/diarioregionaldigital.com.br\/index.php?rest_route=%2Fwp%2Fv2%2Fcategories&post=173158"},{"taxonomy":"post_tag","embeddable":true,"href":"https:\/\/diarioregionaldigital.com.br\/index.php?rest_route=%2Fwp%2Fv2%2Ftags&post=173158"}],"curies":[{"name":"wp","href":"https:\/\/api.w.org\/{rel}","templated":true}]}}