{"id":173152,"date":"2020-11-16T18:31:21","date_gmt":"2020-11-16T21:31:21","guid":{"rendered":"https:\/\/diarioregionaldigital.com.br\/?p=173152"},"modified":"2020-11-16T18:31:21","modified_gmt":"2020-11-16T21:31:21","slug":"covid-19-juiz-de-fora-registra-mais-de-100-novos-casos-segundo-boletim-da-secretaria-de-saude","status":"publish","type":"post","link":"https:\/\/diarioregionaldigital.com.br\/?p=173152","title":{"rendered":"Covid-19: Juiz de Fora registra mais de 100 novos casos, segundo boletim da Secretaria de Sa\u00fade"},"content":{"rendered":"<p><span style=\"font-weight: 400;\">O novo boletim epidemiol\u00f3gico divulgado nesta segunda-feira (16) pela Secretaria de Sa\u00fade (SS) da Prefeitura de Juiz de Fora (PJF), aponta que o munic\u00edpio registrou mais 102 novos casos por Coronav\u00edrus, nas \u00faltimas 24h, totalizando 8.137 pessoas infectadas.<\/span><\/p>\n<p><span style=\"font-weight: 400;\">Conforme os dados, foram confirmadas mais cinco mortes pela doen\u00e7a, acumulando 280 \u00f3bitos. Al\u00e9m disso, 27.783 pacientes s\u00e3o suspeitos de terem a doen\u00e7a.<\/span><\/p>\n<p><b>\u00d3bitos:<\/b><\/p>\n<p><span style=\"font-weight: 400;\">Idoso, de 61 anos, morreu no domingo (15). Comorbidades: Doen\u00e7a Cardiovascular Cr\u00f4nica (DCC), Diabetes Mellitus, Hipertens\u00e3o Arterial Sist\u00eamica (HAS) e Doen\u00e7a Renal Cr\u00f4nica (DRC);<\/span><\/p>\n<p><span style=\"font-weight: 400;\">Idoso, de 85 anos, morreu no domingo (15). Comorbidades: Doen\u00e7a Cardiovascular Cr\u00f4nica (DCC) e Diabetes Mellitus;<\/span><\/p>\n<p><span style=\"font-weight: 400;\">Idoso, de 87 anos, morreu na \u00faltima quinta-feira (12). Comorbidades: Doen\u00e7a Cardiovascular Cr\u00f4nica (DCC), Hipertens\u00e3o Arterial Sist\u00eamica (HAS) e Diabetes Mellitus;<\/span><\/p>\n<p><span style=\"font-weight: 400;\">Idoso, de 74 anos, morreu nessa segunda-feira (16). Comorbidade: Doen\u00e7a Cardiovascular Cr\u00f4nica (DCC);<\/span><\/p>\n<p><span style=\"font-weight: 400;\">Idoso, de 84 anos, morreu no s\u00e1bado (14). Comorbidades: Doen\u00e7a Cardiovascular Cr\u00f4nica (DCC) e Hipertens\u00e3o Arterial Sist\u00eamica (HAS).<\/span><\/p>\n<p><b>Leitos\u00a0<\/b><\/p>\n<p><span style=\"font-weight: 400;\">Segundo informa\u00e7\u00f5es da PJF, os leitos de enfermaria est\u00e3o com 64,65% de ocupa\u00e7\u00e3o. J\u00e1 os os leitos de UTI e SUS, est\u00e3o com taxa de 75,97% e 77,05% respectivamente.<\/span><\/p>\n<p><b>Exames da UFJF<\/b><\/p>\n<p><span style=\"font-weight: 400;\">No per\u00edodo do dia 9 a 13 deste m\u00eas, a Universidade Federal de Juiz de Fora (UFJF), cadastrou um total de 364 exames referentes ao Covid-19 no munic\u00edpio, sendo que 9 est\u00e3o sob an\u00e1lise e 355 laudos foram emitidos. Os testes s\u00e3o feitos em parceria com a Prefeitura de Juiz de Fora (PJF) e todos s\u00e3o oriundos do Sistema \u00danico de Sa\u00fade de 52 munic\u00edpios das regionais de sa\u00fade de Juiz de Fora e Leopoldina.<\/span><\/p>\n<p><span style=\"font-weight: 400;\">Conforme os dados divulgados pela institui\u00e7\u00e3o, foram feitos exames em 22 munic\u00edpios durante o per\u00edodo citado. Ao todo foram 596 testes cadastrados, com 11 em an\u00e1lise e 585 laudos emitidos. Desde que as avalia\u00e7\u00f5es come\u00e7aram a ser feitas no dia 17 de abril, j\u00e1 foram emitidos 10.806 laudos no geral.<\/span><\/p>\n","protected":false},"excerpt":{"rendered":"<p>O novo boletim epidemiol\u00f3gico divulgado nesta segunda-feira (16) pela Secretaria de Sa\u00fade (SS) da Prefeitura de Juiz de Fora (PJF), aponta que o munic\u00edpio registrou mais 102 novos casos por Coronav\u00edrus, nas \u00faltimas 24h, totalizando 8.137 pessoas infectadas. Conforme os dados, foram confirmadas mais cinco mortes pela doen\u00e7a, acumulando 280 \u00f3bitos. Al\u00e9m disso, 27.783 pacientes [&hellip;]<\/p>\n","protected":false},"author":96,"featured_media":173153,"comment_status":"closed","ping_status":"closed","sticky":false,"template":"","format":"standard","meta":{"footnotes":""},"categories":[253,436,440,439],"tags":[],"class_list":["post-173152","post","type-post","status-publish","format-standard","has-post-thumbnail","hentry","category-cidade","category-destaque-da-semana","category-destaques-do-dia","category-ultima-hora"],"_links":{"self":[{"href":"https:\/\/diarioregionaldigital.com.br\/index.php?rest_route=\/wp\/v2\/posts\/173152","targetHints":{"allow":["GET"]}}],"collection":[{"href":"https:\/\/diarioregionaldigital.com.br\/index.php?rest_route=\/wp\/v2\/posts"}],"about":[{"href":"https:\/\/diarioregionaldigital.com.br\/index.php?rest_route=\/wp\/v2\/types\/post"}],"author":[{"embeddable":true,"href":"https:\/\/diarioregionaldigital.com.br\/index.php?rest_route=\/wp\/v2\/users\/96"}],"replies":[{"embeddable":true,"href":"https:\/\/diarioregionaldigital.com.br\/index.php?rest_route=%2Fwp%2Fv2%2Fcomments&post=173152"}],"version-history":[{"count":0,"href":"https:\/\/diarioregionaldigital.com.br\/index.php?rest_route=\/wp\/v2\/posts\/173152\/revisions"}],"wp:featuredmedia":[{"embeddable":true,"href":"https:\/\/diarioregionaldigital.com.br\/index.php?rest_route=\/wp\/v2\/media\/173153"}],"wp:attachment":[{"href":"https:\/\/diarioregionaldigital.com.br\/index.php?rest_route=%2Fwp%2Fv2%2Fmedia&parent=173152"}],"wp:term":[{"taxonomy":"category","embeddable":true,"href":"https:\/\/diarioregionaldigital.com.br\/index.php?rest_route=%2Fwp%2Fv2%2Fcategories&post=173152"},{"taxonomy":"post_tag","embeddable":true,"href":"https:\/\/diarioregionaldigital.com.br\/index.php?rest_route=%2Fwp%2Fv2%2Ftags&post=173152"}],"curies":[{"name":"wp","href":"https:\/\/api.w.org\/{rel}","templated":true}]}}