{"id":173149,"date":"2020-11-16T18:18:40","date_gmt":"2020-11-16T21:18:40","guid":{"rendered":"https:\/\/diarioregionaldigital.com.br\/?p=173149"},"modified":"2020-11-16T18:18:40","modified_gmt":"2020-11-16T21:18:40","slug":"funalfa-anuncia-novidades-sobre-edital-da-lei-aldir-blanc-em-encontros-virtuais","status":"publish","type":"post","link":"https:\/\/diarioregionaldigital.com.br\/?p=173149","title":{"rendered":"Funalfa anuncia novidades sobre Edital da Lei \u201cAldir Blanc\u201d em encontros virtuais"},"content":{"rendered":"<p>Depois da divulga\u00e7\u00e3o preliminar dos resultados do Edital de Premia\u00e7\u00e3o Cultural da Lei \u201cAldir Blanc\u201d, a Funda\u00e7\u00e3o Cultural \u201cAlfredo Ferreira Lage\u201d (Funalfa) promover\u00e1 mais dois encontros com as trabalhadoras e os trabalhadores da roda de cultura de Juiz de Fora. Eles ser\u00e3o realizados por meio do programa \u201cCultura Conecta\u201d, nesta ter\u00e7a e quarta-feira, dias 17, \u00e0s 17 horas, e 18, \u00e0s 19 horas, pelo aplicativo Zoom, que pode ser baixado gratuitamente. Basta digitar o ID (identifica\u00e7\u00e3o) da reuni\u00e3o: 692 354 1099 e a senha: funalfa.<\/p>\n<p>Conforme o gerente de Fomento \u00e0 Cultura, da Funalfa, Henrique Ara\u00fajo, os encontros informar\u00e3o os pr\u00f3ximos passos a serem dados na aplica\u00e7\u00e3o da lei, at\u00e9 a efetiva libera\u00e7\u00e3o dos recursos para os beneficiados, al\u00e9m de anunciar novidades: \u201cS\u00e3o reuni\u00f5es voltadas n\u00e3o somente para pessoas que tiveram suas inscri\u00e7\u00f5es aprovadas ou desclassificadas no edital, mas tamb\u00e9m para quem perdeu o prazo de inscri\u00e7\u00e3o. \u00c9 fundamental a participa\u00e7\u00e3o de todos os agentes culturais da cidade\u201d. Henrique pediu tamb\u00e9m apoio na divulga\u00e7\u00e3o dos encontros.<\/p>\n<p>O Edital de Premia\u00e7\u00e3o Cultural da Lei \u201cAldir Blanc\u201d foi lan\u00e7ado pela Funalfa no dia 31 de outubro, com inscri\u00e7\u00f5es at\u00e9 9 de novembro. Foram registradas 711 inscri\u00e7\u00f5es, sendo 509 proponentes aprovados, 125 reprovados e 77 desclassificados. Estes \u00faltimos tiveram prazo para corrigir eventuais falhas de documentos at\u00e9 esta segunda-feira, 16.<\/p>\n<p>Em Juiz de Fora, a Lei Nacional de Emerg\u00eancia Cultural injetar\u00e1 quase R$ 3,5 milh\u00f5es no segmento da cultura, consistindo no maior investimento j\u00e1 realizado na \u00e1rea por meio de edital. Os recursos s\u00e3o do Fundo Nacional de Cultura. Haver\u00e1 pr\u00eamios de R$ 3 mil, R$ 9 mil e R$ 15 mil, e o repasse aos contemplados ser\u00e1 feito at\u00e9 o dia 30, em parcela \u00fanica.<\/p>\n<p><strong>Fonte:\u00a0<\/strong>Assessoria<\/p>\n","protected":false},"excerpt":{"rendered":"<p>Depois da divulga\u00e7\u00e3o preliminar dos resultados do Edital de Premia\u00e7\u00e3o Cultural da Lei \u201cAldir Blanc\u201d, a Funda\u00e7\u00e3o Cultural \u201cAlfredo Ferreira Lage\u201d (Funalfa) promover\u00e1 mais dois encontros com as trabalhadoras e os trabalhadores da roda de cultura de Juiz de Fora. Eles ser\u00e3o realizados por meio do programa \u201cCultura Conecta\u201d, nesta ter\u00e7a e quarta-feira, dias 17, [&hellip;]<\/p>\n","protected":false},"author":96,"featured_media":173150,"comment_status":"closed","ping_status":"closed","sticky":false,"template":"","format":"standard","meta":{"footnotes":""},"categories":[256,436,262,439],"tags":[],"class_list":["post-173149","post","type-post","status-publish","format-standard","has-post-thumbnail","hentry","category-cultura","category-destaque-da-semana","category-noticias","category-ultima-hora"],"_links":{"self":[{"href":"https:\/\/diarioregionaldigital.com.br\/index.php?rest_route=\/wp\/v2\/posts\/173149","targetHints":{"allow":["GET"]}}],"collection":[{"href":"https:\/\/diarioregionaldigital.com.br\/index.php?rest_route=\/wp\/v2\/posts"}],"about":[{"href":"https:\/\/diarioregionaldigital.com.br\/index.php?rest_route=\/wp\/v2\/types\/post"}],"author":[{"embeddable":true,"href":"https:\/\/diarioregionaldigital.com.br\/index.php?rest_route=\/wp\/v2\/users\/96"}],"replies":[{"embeddable":true,"href":"https:\/\/diarioregionaldigital.com.br\/index.php?rest_route=%2Fwp%2Fv2%2Fcomments&post=173149"}],"version-history":[{"count":0,"href":"https:\/\/diarioregionaldigital.com.br\/index.php?rest_route=\/wp\/v2\/posts\/173149\/revisions"}],"wp:featuredmedia":[{"embeddable":true,"href":"https:\/\/diarioregionaldigital.com.br\/index.php?rest_route=\/wp\/v2\/media\/173150"}],"wp:attachment":[{"href":"https:\/\/diarioregionaldigital.com.br\/index.php?rest_route=%2Fwp%2Fv2%2Fmedia&parent=173149"}],"wp:term":[{"taxonomy":"category","embeddable":true,"href":"https:\/\/diarioregionaldigital.com.br\/index.php?rest_route=%2Fwp%2Fv2%2Fcategories&post=173149"},{"taxonomy":"post_tag","embeddable":true,"href":"https:\/\/diarioregionaldigital.com.br\/index.php?rest_route=%2Fwp%2Fv2%2Ftags&post=173149"}],"curies":[{"name":"wp","href":"https:\/\/api.w.org\/{rel}","templated":true}]}}