{"id":173145,"date":"2020-11-16T18:15:29","date_gmt":"2020-11-16T21:15:29","guid":{"rendered":"https:\/\/diarioregionaldigital.com.br\/?p=173145"},"modified":"2020-11-16T18:15:29","modified_gmt":"2020-11-16T21:15:29","slug":"museu-apresenta-acervo-do-periodo-de-transicao-entre-imperio-e-republica","status":"publish","type":"post","link":"https:\/\/diarioregionaldigital.com.br\/?p=173145","title":{"rendered":"Museu apresenta acervo do per\u00edodo de transi\u00e7\u00e3o entre Imp\u00e9rio e Rep\u00fablica"},"content":{"rendered":"<p>O final do Imp\u00e9rio no Brasil e a transi\u00e7\u00e3o para a Rep\u00fablica foram marcados por diversos acontecimentos e eventos, e, em refer\u00eancia a esse per\u00edodo, a equipe do Departamento de Acervo T\u00e9cnico e A\u00e7\u00f5es Culturais (Datec) selecionou conjunto de itens do acervo para apresentar nesta edi\u00e7\u00e3o do projeto &#8220;A Pe\u00e7a da Semana&#8221;, no Museu \u201cMariano Proc\u00f3pio\u201d. Dentro desse contexto, alguns pontos relacionados a figuras hist\u00f3ricas: x\u00edcara com pires, do Servi\u00e7o de Baile da Ilha Fiscal; pratos em porcelana, um alusivo ao marechal Deodoro da Fonseca (1827-1892), e outro retratando Floriano Peixoto (1839-1895), incluindo ai um copo de vidro. Todos eles datados do final do s\u00e9culo 19 e in\u00edcio do 20.<\/p>\n<p>A \u00faltima grande festa mon\u00e1rquica, ocorrida em 9 de novembro de 1889, apenas seis dias antes da proclama\u00e7\u00e3o da Rep\u00fablica, ficou popularmente conhecida como \u201cBaile da Ilha Fiscal\u201d. O evento, em homenagem aos oficias do navio chileno \u201cAlmirante Cochrane\u201d, marcou simbolicamente os \u00faltimos dias do Imp\u00e9rio no Brasil e o ex\u00edlio da Fam\u00edlia Imperial em territ\u00f3rio franc\u00eas.<\/p>\n<p>A proclama\u00e7\u00e3o da Rep\u00fablica foi o resultado da atua\u00e7\u00e3o do Movimento Republicano, que se iniciou na d\u00e9cada de 1870. Conforme observa a professora-doutora Cl\u00e1udia Viscardi, da Universidade Federal de Juiz de FDora (UFJF), em v\u00eddeo produzido a convite da equipe do Datec, e postado nas redes sociais do Museu, a Rep\u00fablica foi proclamada por meio de golpe civil-militar, do qual participaram alguns setores das elites pol\u00edtica e cafeicultora e alguns intelectuais e militares, especialmente os mais jovens e de baixa patente, e marechais como Deodoro da Fonseca e Floriano Peixoto.<\/p>\n<p>Parte dos objetos apresentados no projeto \u201cA Pe\u00e7a da Semana\u201d est\u00e3o relacionados \u00e0 necessidade de constru\u00e7\u00e3o de cultura pol\u00edtica favor\u00e1vel \u00e0 Rep\u00fablica, com a cria\u00e7\u00e3o de novo repert\u00f3rio de s\u00edmbolos, como nova bandeira, hino e feriados, al\u00e9m da constru\u00e7\u00e3o de representa\u00e7\u00f5es de novos personagens hist\u00f3ricos, como Deodoro da Fonseca e Floriano Peixoto, primeiro e segundo presidentes do Brasil.<\/p>\n<p><strong>Fonte:\u00a0<\/strong>Assessoria<\/p>\n","protected":false},"excerpt":{"rendered":"<p>O final do Imp\u00e9rio no Brasil e a transi\u00e7\u00e3o para a Rep\u00fablica foram marcados por diversos acontecimentos e eventos, e, em refer\u00eancia a esse per\u00edodo, a equipe do Departamento de Acervo T\u00e9cnico e A\u00e7\u00f5es Culturais (Datec) selecionou conjunto de itens do acervo para apresentar nesta edi\u00e7\u00e3o do projeto &#8220;A Pe\u00e7a da Semana&#8221;, no Museu \u201cMariano [&hellip;]<\/p>\n","protected":false},"author":96,"featured_media":173146,"comment_status":"closed","ping_status":"closed","sticky":false,"template":"","format":"standard","meta":{"footnotes":""},"categories":[256,436,262,439],"tags":[],"class_list":["post-173145","post","type-post","status-publish","format-standard","has-post-thumbnail","hentry","category-cultura","category-destaque-da-semana","category-noticias","category-ultima-hora"],"_links":{"self":[{"href":"https:\/\/diarioregionaldigital.com.br\/index.php?rest_route=\/wp\/v2\/posts\/173145","targetHints":{"allow":["GET"]}}],"collection":[{"href":"https:\/\/diarioregionaldigital.com.br\/index.php?rest_route=\/wp\/v2\/posts"}],"about":[{"href":"https:\/\/diarioregionaldigital.com.br\/index.php?rest_route=\/wp\/v2\/types\/post"}],"author":[{"embeddable":true,"href":"https:\/\/diarioregionaldigital.com.br\/index.php?rest_route=\/wp\/v2\/users\/96"}],"replies":[{"embeddable":true,"href":"https:\/\/diarioregionaldigital.com.br\/index.php?rest_route=%2Fwp%2Fv2%2Fcomments&post=173145"}],"version-history":[{"count":0,"href":"https:\/\/diarioregionaldigital.com.br\/index.php?rest_route=\/wp\/v2\/posts\/173145\/revisions"}],"wp:featuredmedia":[{"embeddable":true,"href":"https:\/\/diarioregionaldigital.com.br\/index.php?rest_route=\/wp\/v2\/media\/173146"}],"wp:attachment":[{"href":"https:\/\/diarioregionaldigital.com.br\/index.php?rest_route=%2Fwp%2Fv2%2Fmedia&parent=173145"}],"wp:term":[{"taxonomy":"category","embeddable":true,"href":"https:\/\/diarioregionaldigital.com.br\/index.php?rest_route=%2Fwp%2Fv2%2Fcategories&post=173145"},{"taxonomy":"post_tag","embeddable":true,"href":"https:\/\/diarioregionaldigital.com.br\/index.php?rest_route=%2Fwp%2Fv2%2Ftags&post=173145"}],"curies":[{"name":"wp","href":"https:\/\/api.w.org\/{rel}","templated":true}]}}