{"id":173142,"date":"2020-11-16T18:14:05","date_gmt":"2020-11-16T21:14:05","guid":{"rendered":"https:\/\/diarioregionaldigital.com.br\/?p=173142"},"modified":"2020-11-16T18:14:05","modified_gmt":"2020-11-16T21:14:05","slug":"servico-de-interligacao-pode-afetar-abastecimento-de-agua-no-granjas-betania","status":"publish","type":"post","link":"https:\/\/diarioregionaldigital.com.br\/?p=173142","title":{"rendered":"Servi\u00e7o de interliga\u00e7\u00e3o pode afetar abastecimento de \u00e1gua no Granjas Bet\u00e2nia"},"content":{"rendered":"<p>Na ter\u00e7a-feira, 17, a Companhia de Saneamento Municipal (Cesama) realiza trabalho de interliga\u00e7\u00e3o nas redes de \u00e1gua do Bairro Granjas Bet\u00e2nia com o novo sistema de abastecimento implantado na regi\u00e3o. Para a execu\u00e7\u00e3o do servi\u00e7o haver\u00e1 interrup\u00e7\u00e3o do fornecimento de \u00e1gua da comunidade.<\/p>\n<p>Os trabalhos ser\u00e3o realizados das oito \u00e0s 17 horas, com interdi\u00e7\u00e3o parcial do tr\u00e2nsito nas ruas S\u00e3o Crist\u00f3v\u00e3o, Nove de Julho e Otac\u00edlio Esteves da Silva. A previs\u00e3o \u00e9 de que o abastecimento seja regularizado ap\u00f3s a conclus\u00e3o da interven\u00e7\u00e3o. A companhia orienta para que a popula\u00e7\u00e3o mantenha o uso racional da \u00e1gua durante a execu\u00e7\u00e3o do servi\u00e7o.<\/p>\n<p>As obras de refor\u00e7o no abastecimento na regi\u00e3o tiveram in\u00edcio em novembro de 2019, e representam investimento de R$ 1,3 milh\u00e3o, em 2.500 metros de redes de distribui\u00e7\u00e3o de \u00e1gua.<\/p>\n<p><strong>Fonte:\u00a0<\/strong>Assessoria<\/p>\n","protected":false},"excerpt":{"rendered":"<p>Na ter\u00e7a-feira, 17, a Companhia de Saneamento Municipal (Cesama) realiza trabalho de interliga\u00e7\u00e3o nas redes de \u00e1gua do Bairro Granjas Bet\u00e2nia com o novo sistema de abastecimento implantado na regi\u00e3o. Para a execu\u00e7\u00e3o do servi\u00e7o haver\u00e1 interrup\u00e7\u00e3o do fornecimento de \u00e1gua da comunidade. Os trabalhos ser\u00e3o realizados das oito \u00e0s 17 horas, com interdi\u00e7\u00e3o parcial [&hellip;]<\/p>\n","protected":false},"author":96,"featured_media":173143,"comment_status":"closed","ping_status":"closed","sticky":false,"template":"","format":"standard","meta":{"footnotes":""},"categories":[253,436,439],"tags":[],"class_list":["post-173142","post","type-post","status-publish","format-standard","has-post-thumbnail","hentry","category-cidade","category-destaque-da-semana","category-ultima-hora"],"_links":{"self":[{"href":"https:\/\/diarioregionaldigital.com.br\/index.php?rest_route=\/wp\/v2\/posts\/173142","targetHints":{"allow":["GET"]}}],"collection":[{"href":"https:\/\/diarioregionaldigital.com.br\/index.php?rest_route=\/wp\/v2\/posts"}],"about":[{"href":"https:\/\/diarioregionaldigital.com.br\/index.php?rest_route=\/wp\/v2\/types\/post"}],"author":[{"embeddable":true,"href":"https:\/\/diarioregionaldigital.com.br\/index.php?rest_route=\/wp\/v2\/users\/96"}],"replies":[{"embeddable":true,"href":"https:\/\/diarioregionaldigital.com.br\/index.php?rest_route=%2Fwp%2Fv2%2Fcomments&post=173142"}],"version-history":[{"count":0,"href":"https:\/\/diarioregionaldigital.com.br\/index.php?rest_route=\/wp\/v2\/posts\/173142\/revisions"}],"wp:featuredmedia":[{"embeddable":true,"href":"https:\/\/diarioregionaldigital.com.br\/index.php?rest_route=\/wp\/v2\/media\/173143"}],"wp:attachment":[{"href":"https:\/\/diarioregionaldigital.com.br\/index.php?rest_route=%2Fwp%2Fv2%2Fmedia&parent=173142"}],"wp:term":[{"taxonomy":"category","embeddable":true,"href":"https:\/\/diarioregionaldigital.com.br\/index.php?rest_route=%2Fwp%2Fv2%2Fcategories&post=173142"},{"taxonomy":"post_tag","embeddable":true,"href":"https:\/\/diarioregionaldigital.com.br\/index.php?rest_route=%2Fwp%2Fv2%2Ftags&post=173142"}],"curies":[{"name":"wp","href":"https:\/\/api.w.org\/{rel}","templated":true}]}}