{"id":173139,"date":"2020-11-16T17:48:28","date_gmt":"2020-11-16T20:48:28","guid":{"rendered":"https:\/\/diarioregionaldigital.com.br\/?p=173139"},"modified":"2020-11-16T17:48:28","modified_gmt":"2020-11-16T20:48:28","slug":"prefeitura-instala-iluminacao-de-led-no-alto-dos-passos","status":"publish","type":"post","link":"https:\/\/diarioregionaldigital.com.br\/?p=173139","title":{"rendered":"Prefeitura instala ilumina\u00e7\u00e3o de LED no Alto dos Passos"},"content":{"rendered":"<p><span style=\"font-weight: 400;\">A Prefeitura de Juiz de Fora (PJF), atrav\u00e9s da Subsecretaria de Energia, realizou a instala\u00e7\u00e3o de ilumina\u00e7\u00e3o de LED, no Bairro Alto dos Passos (Regi\u00e3o Central). As obras foram feitas na Rua 31 de Maio, no encontro da Avenida Bar\u00e3o do Rio Branco e Rua Morais e Castro.<\/span><\/p>\n<p><span style=\"font-weight: 400;\">Conforme informa\u00e7\u00f5es da Prefeitura, foram instaladas 13 lumin\u00e1rias LED 100W e nove l\u00e2mpadas a vapor met\u00e1lico de 250W ao redor, num investimento avaliado em R$ 19,1 mil. Os recursos s\u00e3o da Contribui\u00e7\u00e3o para o Custeio do Sistema de Ilumina\u00e7\u00e3o P\u00fablica (CCSIP).<\/span><\/p>\n<p><span style=\"font-weight: 400;\">Segundo o engenheiro Wilson Ferrareze, respons\u00e1vel t\u00e9cnico pelas obras de instala\u00e7\u00f5es el\u00e9tricas e ilumina\u00e7\u00e3o, com a mudan\u00e7a, houve aumento no fluxo luminoso e economia no consumo de energia:\u00a0<\/span><\/p>\n<p><span style=\"font-weight: 400;\">\u201cEquipamos os postes lindeiros (lim\u00edtrofes) da pra\u00e7a com l\u00e2mpadas a vapor met\u00e1lico, para homogeneizar o ambiente. A economia no consumo de energia p\u00f3s-obra ser\u00e1 de 53%, porque, para melhorar a distribui\u00e7\u00e3o da luz, instalamos mais dois postes\u201d, ressaltou. Ele refor\u00e7a que outras pra\u00e7as receber\u00e3o ilumina\u00e7\u00e3o LED. Entre elas, a do Bairro Santa Terezinha e a &#8220;Presidente Kennedy&#8221;, na Rua Almirante Barroso.<\/span><\/p>\n<p><span style=\"font-weight: 400;\">No m\u00eas de outubro, a pra\u00e7a no Bairro Benfica (Regi\u00e3o Norte) recebeu 15 lumin\u00e1rias de LED 100W no interior do espa\u00e7o p\u00fablico e seis a vapor met\u00e1lico de 400W nos postes ao redor. Recentemente, a Pra\u00e7a Jarbas de Lery Santos, no S\u00e3o Mateus (Regi\u00e3o Central), foram feitas as trocas das 23 lumin\u00e1rias, equipadas com l\u00e2mpadas a vapor de s\u00f3dio de 250W, por LED 100W.<\/span><\/p>\n<p><b>Ilumina\u00e7\u00e3o em vias p\u00fablicas<\/b><\/p>\n<p><span style=\"font-weight: 400;\">As ruas p\u00fablicas espalhadas pelo munic\u00edpio, tamb\u00e9m v\u00e3o receber lumin\u00e1rias LED. O primeiro lote, de cinco mil unidades, foi licitado, e os equipamentos da empresa vencedora est\u00e3o sendo testadas. A licita\u00e7\u00e3o para a contrata\u00e7\u00e3o da empresa que vai executar as obras de extens\u00e3o da rede de distribui\u00e7\u00e3o de energia el\u00e9trica, de ilumina\u00e7\u00e3o p\u00fablica e instala\u00e7\u00e3o das lumin\u00e1rias LED est\u00e1 na Comiss\u00e3o Permanente de Licita\u00e7\u00e3o (CPL). Ap\u00f3s esta etapa, o processo de implanta\u00e7\u00e3o ser\u00e1 iniciado.<\/span><\/p>\n","protected":false},"excerpt":{"rendered":"<p>A Prefeitura de Juiz de Fora (PJF), atrav\u00e9s da Subsecretaria de Energia, realizou a instala\u00e7\u00e3o de ilumina\u00e7\u00e3o de LED, no Bairro Alto dos Passos (Regi\u00e3o Central). As obras foram feitas na Rua 31 de Maio, no encontro da Avenida Bar\u00e3o do Rio Branco e Rua Morais e Castro. Conforme informa\u00e7\u00f5es da Prefeitura, foram instaladas 13 [&hellip;]<\/p>\n","protected":false},"author":96,"featured_media":173140,"comment_status":"closed","ping_status":"closed","sticky":false,"template":"","format":"standard","meta":{"footnotes":""},"categories":[253,436,439],"tags":[],"class_list":["post-173139","post","type-post","status-publish","format-standard","has-post-thumbnail","hentry","category-cidade","category-destaque-da-semana","category-ultima-hora"],"_links":{"self":[{"href":"https:\/\/diarioregionaldigital.com.br\/index.php?rest_route=\/wp\/v2\/posts\/173139","targetHints":{"allow":["GET"]}}],"collection":[{"href":"https:\/\/diarioregionaldigital.com.br\/index.php?rest_route=\/wp\/v2\/posts"}],"about":[{"href":"https:\/\/diarioregionaldigital.com.br\/index.php?rest_route=\/wp\/v2\/types\/post"}],"author":[{"embeddable":true,"href":"https:\/\/diarioregionaldigital.com.br\/index.php?rest_route=\/wp\/v2\/users\/96"}],"replies":[{"embeddable":true,"href":"https:\/\/diarioregionaldigital.com.br\/index.php?rest_route=%2Fwp%2Fv2%2Fcomments&post=173139"}],"version-history":[{"count":0,"href":"https:\/\/diarioregionaldigital.com.br\/index.php?rest_route=\/wp\/v2\/posts\/173139\/revisions"}],"wp:featuredmedia":[{"embeddable":true,"href":"https:\/\/diarioregionaldigital.com.br\/index.php?rest_route=\/wp\/v2\/media\/173140"}],"wp:attachment":[{"href":"https:\/\/diarioregionaldigital.com.br\/index.php?rest_route=%2Fwp%2Fv2%2Fmedia&parent=173139"}],"wp:term":[{"taxonomy":"category","embeddable":true,"href":"https:\/\/diarioregionaldigital.com.br\/index.php?rest_route=%2Fwp%2Fv2%2Fcategories&post=173139"},{"taxonomy":"post_tag","embeddable":true,"href":"https:\/\/diarioregionaldigital.com.br\/index.php?rest_route=%2Fwp%2Fv2%2Ftags&post=173139"}],"curies":[{"name":"wp","href":"https:\/\/api.w.org\/{rel}","templated":true}]}}