{"id":173136,"date":"2020-11-16T17:26:21","date_gmt":"2020-11-16T20:26:21","guid":{"rendered":"https:\/\/diarioregionaldigital.com.br\/?p=173136"},"modified":"2020-11-16T17:26:21","modified_gmt":"2020-11-16T20:26:21","slug":"veiculo-capota-no-km-105-da-mg-353-em-torreoes","status":"publish","type":"post","link":"https:\/\/diarioregionaldigital.com.br\/?p=173136","title":{"rendered":"Ve\u00edculo capota no Km 105 da MG-353 em Torre\u00f5es"},"content":{"rendered":"<p><span style=\"font-weight: 400;\">Na tarde desta segunda-feira (16), um ve\u00edculo de cor vermelha, capotou na altura do Km 105 da MG-353 e caiu em um pequeno barranco no Bairro Torre\u00f5es (Regi\u00e3o Rural). De acordo com informa\u00e7\u00f5es do Corpo de Bombeiros, o condutor, 56 anos, perdeu o controle direcional e o carro rodou na pista, vindo este a capotar logo em seguida e cair no barranco nas imedia\u00e7\u00f5es.<\/span><\/p>\n<p><span style=\"font-weight: 400;\">O motorista n\u00e3o ficou preso no meio das ferragens e foi atendido pela equipe do Samu. Posteriormente, a v\u00edtima foi encaminhada para a UPA Norte. Duas viaturas deslocaram para atendimento, com um total de cinco bombeiros.<\/span><\/p>\n","protected":false},"excerpt":{"rendered":"<p>Na tarde desta segunda-feira (16), um ve\u00edculo de cor vermelha, capotou na altura do Km 105 da MG-353 e caiu em um pequeno barranco no Bairro Torre\u00f5es (Regi\u00e3o Rural). De acordo com informa\u00e7\u00f5es do Corpo de Bombeiros, o condutor, 56 anos, perdeu o controle direcional e o carro rodou na pista, vindo este a capotar [&hellip;]<\/p>\n","protected":false},"author":96,"featured_media":173137,"comment_status":"closed","ping_status":"closed","sticky":false,"template":"","format":"standard","meta":{"footnotes":""},"categories":[253,436,439],"tags":[],"class_list":["post-173136","post","type-post","status-publish","format-standard","has-post-thumbnail","hentry","category-cidade","category-destaque-da-semana","category-ultima-hora"],"_links":{"self":[{"href":"https:\/\/diarioregionaldigital.com.br\/index.php?rest_route=\/wp\/v2\/posts\/173136","targetHints":{"allow":["GET"]}}],"collection":[{"href":"https:\/\/diarioregionaldigital.com.br\/index.php?rest_route=\/wp\/v2\/posts"}],"about":[{"href":"https:\/\/diarioregionaldigital.com.br\/index.php?rest_route=\/wp\/v2\/types\/post"}],"author":[{"embeddable":true,"href":"https:\/\/diarioregionaldigital.com.br\/index.php?rest_route=\/wp\/v2\/users\/96"}],"replies":[{"embeddable":true,"href":"https:\/\/diarioregionaldigital.com.br\/index.php?rest_route=%2Fwp%2Fv2%2Fcomments&post=173136"}],"version-history":[{"count":0,"href":"https:\/\/diarioregionaldigital.com.br\/index.php?rest_route=\/wp\/v2\/posts\/173136\/revisions"}],"wp:featuredmedia":[{"embeddable":true,"href":"https:\/\/diarioregionaldigital.com.br\/index.php?rest_route=\/wp\/v2\/media\/173137"}],"wp:attachment":[{"href":"https:\/\/diarioregionaldigital.com.br\/index.php?rest_route=%2Fwp%2Fv2%2Fmedia&parent=173136"}],"wp:term":[{"taxonomy":"category","embeddable":true,"href":"https:\/\/diarioregionaldigital.com.br\/index.php?rest_route=%2Fwp%2Fv2%2Fcategories&post=173136"},{"taxonomy":"post_tag","embeddable":true,"href":"https:\/\/diarioregionaldigital.com.br\/index.php?rest_route=%2Fwp%2Fv2%2Ftags&post=173136"}],"curies":[{"name":"wp","href":"https:\/\/api.w.org\/{rel}","templated":true}]}}