{"id":173029,"date":"2020-11-13T19:15:14","date_gmt":"2020-11-13T22:15:14","guid":{"rendered":"https:\/\/diarioregionaldigital.com.br\/?p=173029"},"modified":"2020-11-13T19:15:14","modified_gmt":"2020-11-13T22:15:14","slug":"covid-19-boletim-da-pjf-novamente-registra-mais-um-dia-com-mais-de-100-novos-casos","status":"publish","type":"post","link":"https:\/\/diarioregionaldigital.com.br\/?p=173029","title":{"rendered":"Covid-19: Boletim da PJF novamente registra mais um dia com mais de 100 novos casos"},"content":{"rendered":"<p>O novo boletim epidemiol\u00f3gico divulgado nesta sexta-feira (13) pela Secretaria de Sa\u00fade (SS) da Prefeitura de Juiz de Fora (PJF), aponta que o munic\u00edpio registrou pela quarta vez nesta semana, mais de 100 novos casos de Coronav\u00edrus. Nas \u00faltimas 24h, foram notificadas 122 pessoas infectadas, totalizando 7.957 confirmados.<\/p>\n<p>Conforme o levantamento, foi contabilizada mais uma morte. A v\u00edtima era um idoso de 61 anos, que morreu na quinta-feira (12) e nenhuma comorbidade foi relatada. Diante disso, o n\u00famero de \u00f3bitos subiu para 275 e 27.563 s\u00e3o suspeitos de terem a doen\u00e7a.<\/p>\n<p><b>Leitos<\/b><\/p>\n<p>Segundo informa\u00e7\u00f5es da PJF, os leitos de enfermaria est\u00e3o com 67,06% de ocupa\u00e7\u00e3o. J\u00e1 os os leitos de UTI e SUS, est\u00e3o com taxa de 78,45% e 78,69% respectivamente.<\/p>\n","protected":false},"excerpt":{"rendered":"<p>O novo boletim epidemiol\u00f3gico divulgado nesta sexta-feira (13) pela Secretaria de Sa\u00fade (SS) da Prefeitura de Juiz de Fora (PJF), aponta que o munic\u00edpio registrou pela quarta vez nesta semana, mais de 100 novos casos de Coronav\u00edrus. Nas \u00faltimas 24h, foram notificadas 122 pessoas infectadas, totalizando 7.957 confirmados. Conforme o levantamento, foi contabilizada mais uma [&hellip;]<\/p>\n","protected":false},"author":96,"featured_media":167756,"comment_status":"closed","ping_status":"closed","sticky":false,"template":"","format":"standard","meta":{"footnotes":""},"categories":[253,436,440,439],"tags":[],"class_list":["post-173029","post","type-post","status-publish","format-standard","has-post-thumbnail","hentry","category-cidade","category-destaque-da-semana","category-destaques-do-dia","category-ultima-hora"],"_links":{"self":[{"href":"https:\/\/diarioregionaldigital.com.br\/index.php?rest_route=\/wp\/v2\/posts\/173029","targetHints":{"allow":["GET"]}}],"collection":[{"href":"https:\/\/diarioregionaldigital.com.br\/index.php?rest_route=\/wp\/v2\/posts"}],"about":[{"href":"https:\/\/diarioregionaldigital.com.br\/index.php?rest_route=\/wp\/v2\/types\/post"}],"author":[{"embeddable":true,"href":"https:\/\/diarioregionaldigital.com.br\/index.php?rest_route=\/wp\/v2\/users\/96"}],"replies":[{"embeddable":true,"href":"https:\/\/diarioregionaldigital.com.br\/index.php?rest_route=%2Fwp%2Fv2%2Fcomments&post=173029"}],"version-history":[{"count":0,"href":"https:\/\/diarioregionaldigital.com.br\/index.php?rest_route=\/wp\/v2\/posts\/173029\/revisions"}],"wp:featuredmedia":[{"embeddable":true,"href":"https:\/\/diarioregionaldigital.com.br\/index.php?rest_route=\/wp\/v2\/media\/167756"}],"wp:attachment":[{"href":"https:\/\/diarioregionaldigital.com.br\/index.php?rest_route=%2Fwp%2Fv2%2Fmedia&parent=173029"}],"wp:term":[{"taxonomy":"category","embeddable":true,"href":"https:\/\/diarioregionaldigital.com.br\/index.php?rest_route=%2Fwp%2Fv2%2Fcategories&post=173029"},{"taxonomy":"post_tag","embeddable":true,"href":"https:\/\/diarioregionaldigital.com.br\/index.php?rest_route=%2Fwp%2Fv2%2Ftags&post=173029"}],"curies":[{"name":"wp","href":"https:\/\/api.w.org\/{rel}","templated":true}]}}