{"id":173023,"date":"2020-11-13T17:52:19","date_gmt":"2020-11-13T20:52:19","guid":{"rendered":"https:\/\/diarioregionaldigital.com.br\/?p=173023"},"modified":"2020-11-13T17:52:19","modified_gmt":"2020-11-13T20:52:19","slug":"prefeitura-amplia-numero-de-leitos-de-uti-no-hps","status":"publish","type":"post","link":"https:\/\/diarioregionaldigital.com.br\/?p=173023","title":{"rendered":"Prefeitura amplia n\u00famero de leitos de UTI no HPS"},"content":{"rendered":"<p>A Prefeitura de Juiz de Fora (PJF) acrescentar\u00e1, ainda nesta sexta-feira, 13, oito leitos de unidade de tratamento intensivo (UTI) no Hospital de Pronto Socorro \u201cDr. Mozart Geraldo Teixeira\u201d (HPS). A amplia\u00e7\u00e3o ser\u00e1 efetivada em car\u00e1ter emergencial e provis\u00f3rio, com objetivo de apresentar resposta r\u00e1pida \u00e0 atual situa\u00e7\u00e3o epidemiol\u00f3gica da covid-19 (coronav\u00edrus) no Munic\u00edpio e, dessa forma, continuar prestando atendimento a todas as pessoas que necessitarem de assist\u00eancia. Est\u00e1 prevista tamb\u00e9m, para a pr\u00f3xima semana, a incorpora\u00e7\u00e3o de 14 leitos de UTI \u00e0 rede p\u00fablica.<\/p>\n<p>Neste momento, a Secretaria de Sa\u00fade (SS) aguarda a formaliza\u00e7\u00e3o do contrato junto ao estado de Minas Gerais.<\/p>\n<p>Antes da pandemia, Juiz de Fora contava com 108 leitos de UTI p\u00fablicos. Durante o per\u00edodo de enfrentamento, a capacidade instalada (p\u00fablica) do Sistema \u00danico de Sa\u00fade (SUS) na cidade foi ampliada em cerca de 69%, chegando agora a 183 leitos.<\/p>\n<p><strong>Fonte:\u00a0<\/strong>Assessoria<\/p>\n","protected":false},"excerpt":{"rendered":"<p>A Prefeitura de Juiz de Fora (PJF) acrescentar\u00e1, ainda nesta sexta-feira, 13, oito leitos de unidade de tratamento intensivo (UTI) no Hospital de Pronto Socorro \u201cDr. Mozart Geraldo Teixeira\u201d (HPS). A amplia\u00e7\u00e3o ser\u00e1 efetivada em car\u00e1ter emergencial e provis\u00f3rio, com objetivo de apresentar resposta r\u00e1pida \u00e0 atual situa\u00e7\u00e3o epidemiol\u00f3gica da covid-19 (coronav\u00edrus) no Munic\u00edpio e, [&hellip;]<\/p>\n","protected":false},"author":96,"featured_media":173024,"comment_status":"closed","ping_status":"closed","sticky":false,"template":"","format":"standard","meta":{"footnotes":""},"categories":[253,436,440,439],"tags":[],"class_list":["post-173023","post","type-post","status-publish","format-standard","has-post-thumbnail","hentry","category-cidade","category-destaque-da-semana","category-destaques-do-dia","category-ultima-hora"],"_links":{"self":[{"href":"https:\/\/diarioregionaldigital.com.br\/index.php?rest_route=\/wp\/v2\/posts\/173023","targetHints":{"allow":["GET"]}}],"collection":[{"href":"https:\/\/diarioregionaldigital.com.br\/index.php?rest_route=\/wp\/v2\/posts"}],"about":[{"href":"https:\/\/diarioregionaldigital.com.br\/index.php?rest_route=\/wp\/v2\/types\/post"}],"author":[{"embeddable":true,"href":"https:\/\/diarioregionaldigital.com.br\/index.php?rest_route=\/wp\/v2\/users\/96"}],"replies":[{"embeddable":true,"href":"https:\/\/diarioregionaldigital.com.br\/index.php?rest_route=%2Fwp%2Fv2%2Fcomments&post=173023"}],"version-history":[{"count":0,"href":"https:\/\/diarioregionaldigital.com.br\/index.php?rest_route=\/wp\/v2\/posts\/173023\/revisions"}],"wp:featuredmedia":[{"embeddable":true,"href":"https:\/\/diarioregionaldigital.com.br\/index.php?rest_route=\/wp\/v2\/media\/173024"}],"wp:attachment":[{"href":"https:\/\/diarioregionaldigital.com.br\/index.php?rest_route=%2Fwp%2Fv2%2Fmedia&parent=173023"}],"wp:term":[{"taxonomy":"category","embeddable":true,"href":"https:\/\/diarioregionaldigital.com.br\/index.php?rest_route=%2Fwp%2Fv2%2Fcategories&post=173023"},{"taxonomy":"post_tag","embeddable":true,"href":"https:\/\/diarioregionaldigital.com.br\/index.php?rest_route=%2Fwp%2Fv2%2Ftags&post=173023"}],"curies":[{"name":"wp","href":"https:\/\/api.w.org\/{rel}","templated":true}]}}