{"id":173021,"date":"2020-11-13T17:49:33","date_gmt":"2020-11-13T20:49:33","guid":{"rendered":"https:\/\/diarioregionaldigital.com.br\/?p=173021"},"modified":"2020-11-13T17:49:33","modified_gmt":"2020-11-13T20:49:33","slug":"etapa-preliminar-da-lei-aldir-blanc-aprova-509-proponentes","status":"publish","type":"post","link":"https:\/\/diarioregionaldigital.com.br\/?p=173021","title":{"rendered":"Etapa preliminar da Lei \u201cAldir Blanc\u201d aprova 509 proponentes"},"content":{"rendered":"<p>A Funda\u00e7\u00e3o Cultural \u201cAlfredo Ferreira Lage\u201d (Funalfa) divulgou nesta sexta-feira, 13, o resultado da primeira fase do Edital de Premia\u00e7\u00e3o Cultural da Lei \u201cAldir Blanc\u201d. Entre mais de 700 inscritos, foram aprovados 509 proponentes. Outros 125 reprovados e 77 desclassificados. A lista completa pode ser acessada no link\u00a0<a href=\"https:\/\/aldirblanc.funalfa.com.br\/resultados\">aldirblanc.funalfa.com.br\/resultados<\/a>.<\/p>\n<p>Os aprovados t\u00eam prazo at\u00e9 esta segunda-feira, 16, para apresentar a documenta\u00e7\u00e3o solicitada em edital. Os proponentes desclassificados por falhas na inscri\u00e7\u00e3o foram orientados a corrigir os erros, tamb\u00e9m at\u00e9 segunda-feira. Nos dois casos, a remessa dos documentos deve ser feita pelo e-mail\u00a0<b>leialdirjf@gmail.com<\/b>.<\/p>\n<p>A diretora-geral da Funalfa, Tamires Fortuna, informou que os contemplados no edital receber\u00e3o em parcela \u00fanica at\u00e9 dia 30: \u201cCom prazos ex\u00edguos, a Funalfa vem se esfor\u00e7ando para garantir celeridade tamb\u00e9m nessa fase de an\u00e1lise documental. Optamos por providenciar, por meio pr\u00f3prios, a Certid\u00e3o Ampla Municipal, ficando o proponente desobrigado de apresent\u00e1-la. No entanto, os demais documentos continuam sendo obrigat\u00f3rios, e o descumprimento d o prazo de apresenta\u00e7\u00e3o dos mesmos implicar\u00e1 em reprova\u00e7\u00e3o autom\u00e1tica da inscri\u00e7\u00e3o\u201d.<\/p>\n<p>Na avalia\u00e7\u00e3o foram utilizados v\u00e1rios crit\u00e9rios, desde o impacto da pandemia de covid-19 na vida das trabalhadoras e dos trabalhadores da cultura, dos coletivos, espa\u00e7os e empresas, at\u00e9 os sociais, como ra\u00e7a e regi\u00f5es de vulnerabilidade. \u201cComo se trata de edital de premia\u00e7\u00e3o pela cidadania cultural, pelo trabalho art\u00edstico, n\u00e3o h\u00e1 obriga\u00e7\u00e3o de o proponente realizar alguma atividade. O recurso pode ser usado, por exemplo, para cobrir despesas ou, at\u00e9 mesmo, executar alguma produ\u00e7\u00e3o. Isso fica a cargo do proponente\u201d, explicou o gerente de Fomento \u00e0 Cultura da Funalfa, Henrique Ara\u00fajo.<\/p>\n<p>Em Juiz de Fora, o Edital da Lei \u201cAldir Blanc\u201d prev\u00ea pr\u00eamios, com valores de R$ 3 mil, R$ 9 mil e R$ 15 mil, conforme a categoria. O investimento na esfera municipal chega a quase R$ 3,5 milh\u00f5es, repasse recorde de recursos na \u00e1rea da cultura. A verba, que chega a R$ 3 bilh\u00f5es em todo o pa\u00eds, \u00e9 do Fundo Nacional de Cultura.<\/p>\n<p><strong>Fonte:\u00a0<\/strong>Assessoria<\/p>\n","protected":false},"excerpt":{"rendered":"<p>A Funda\u00e7\u00e3o Cultural \u201cAlfredo Ferreira Lage\u201d (Funalfa) divulgou nesta sexta-feira, 13, o resultado da primeira fase do Edital de Premia\u00e7\u00e3o Cultural da Lei \u201cAldir Blanc\u201d. Entre mais de 700 inscritos, foram aprovados 509 proponentes. Outros 125 reprovados e 77 desclassificados. A lista completa pode ser acessada no link\u00a0aldirblanc.funalfa.com.br\/resultados. Os aprovados t\u00eam prazo at\u00e9 esta segunda-feira, [&hellip;]<\/p>\n","protected":false},"author":96,"featured_media":172186,"comment_status":"closed","ping_status":"closed","sticky":false,"template":"","format":"standard","meta":{"footnotes":""},"categories":[256,436,262,439],"tags":[],"class_list":["post-173021","post","type-post","status-publish","format-standard","has-post-thumbnail","hentry","category-cultura","category-destaque-da-semana","category-noticias","category-ultima-hora"],"_links":{"self":[{"href":"https:\/\/diarioregionaldigital.com.br\/index.php?rest_route=\/wp\/v2\/posts\/173021","targetHints":{"allow":["GET"]}}],"collection":[{"href":"https:\/\/diarioregionaldigital.com.br\/index.php?rest_route=\/wp\/v2\/posts"}],"about":[{"href":"https:\/\/diarioregionaldigital.com.br\/index.php?rest_route=\/wp\/v2\/types\/post"}],"author":[{"embeddable":true,"href":"https:\/\/diarioregionaldigital.com.br\/index.php?rest_route=\/wp\/v2\/users\/96"}],"replies":[{"embeddable":true,"href":"https:\/\/diarioregionaldigital.com.br\/index.php?rest_route=%2Fwp%2Fv2%2Fcomments&post=173021"}],"version-history":[{"count":0,"href":"https:\/\/diarioregionaldigital.com.br\/index.php?rest_route=\/wp\/v2\/posts\/173021\/revisions"}],"wp:featuredmedia":[{"embeddable":true,"href":"https:\/\/diarioregionaldigital.com.br\/index.php?rest_route=\/wp\/v2\/media\/172186"}],"wp:attachment":[{"href":"https:\/\/diarioregionaldigital.com.br\/index.php?rest_route=%2Fwp%2Fv2%2Fmedia&parent=173021"}],"wp:term":[{"taxonomy":"category","embeddable":true,"href":"https:\/\/diarioregionaldigital.com.br\/index.php?rest_route=%2Fwp%2Fv2%2Fcategories&post=173021"},{"taxonomy":"post_tag","embeddable":true,"href":"https:\/\/diarioregionaldigital.com.br\/index.php?rest_route=%2Fwp%2Fv2%2Ftags&post=173021"}],"curies":[{"name":"wp","href":"https:\/\/api.w.org\/{rel}","templated":true}]}}