{"id":173015,"date":"2020-11-13T17:19:24","date_gmt":"2020-11-13T20:19:24","guid":{"rendered":"https:\/\/diarioregionaldigital.com.br\/?p=173015"},"modified":"2020-11-13T17:19:24","modified_gmt":"2020-11-13T20:19:24","slug":"settra-altera-itinerario-de-linha-de-onibus-para-as-eleicoes","status":"publish","type":"post","link":"https:\/\/diarioregionaldigital.com.br\/?p=173015","title":{"rendered":"Settra altera itiner\u00e1rio de linha de \u00f4nibus para as elei\u00e7\u00f5es"},"content":{"rendered":"<p>A Secretaria de Transportes e Tr\u00e2nsito (Settra) da Prefeitura de Juiz de Fora (PJF) alterar\u00e1 o itiner\u00e1rio da Linha 215 &#8211; Bairu \/ Cruzeiro do Sul, neste domingo, 15, no primeiro turno das elei\u00e7\u00f5es. A linha dever\u00e1 cumprir o itiner\u00e1rio da 214, no Bairro Cruzeiro do Sul, e acessar a \u00e1rea interna da Faculdade Machado Sobrinho, local de vota\u00e7\u00e3o, no per\u00edodo de 7h13 at\u00e9 as 17h51. Caso ocorra segundo turno, no dia 29, a altera\u00e7\u00e3o se repetir\u00e1.<\/p>\n<p><strong>Fonte:\u00a0<\/strong>Assessoria<\/p>\n","protected":false},"excerpt":{"rendered":"<p>A Secretaria de Transportes e Tr\u00e2nsito (Settra) da Prefeitura de Juiz de Fora (PJF) alterar\u00e1 o itiner\u00e1rio da Linha 215 &#8211; Bairu \/ Cruzeiro do Sul, neste domingo, 15, no primeiro turno das elei\u00e7\u00f5es. A linha dever\u00e1 cumprir o itiner\u00e1rio da 214, no Bairro Cruzeiro do Sul, e acessar a \u00e1rea interna da Faculdade Machado [&hellip;]<\/p>\n","protected":false},"author":96,"featured_media":165335,"comment_status":"closed","ping_status":"closed","sticky":false,"template":"","format":"standard","meta":{"footnotes":""},"categories":[253,436,439],"tags":[],"class_list":["post-173015","post","type-post","status-publish","format-standard","has-post-thumbnail","hentry","category-cidade","category-destaque-da-semana","category-ultima-hora"],"_links":{"self":[{"href":"https:\/\/diarioregionaldigital.com.br\/index.php?rest_route=\/wp\/v2\/posts\/173015","targetHints":{"allow":["GET"]}}],"collection":[{"href":"https:\/\/diarioregionaldigital.com.br\/index.php?rest_route=\/wp\/v2\/posts"}],"about":[{"href":"https:\/\/diarioregionaldigital.com.br\/index.php?rest_route=\/wp\/v2\/types\/post"}],"author":[{"embeddable":true,"href":"https:\/\/diarioregionaldigital.com.br\/index.php?rest_route=\/wp\/v2\/users\/96"}],"replies":[{"embeddable":true,"href":"https:\/\/diarioregionaldigital.com.br\/index.php?rest_route=%2Fwp%2Fv2%2Fcomments&post=173015"}],"version-history":[{"count":0,"href":"https:\/\/diarioregionaldigital.com.br\/index.php?rest_route=\/wp\/v2\/posts\/173015\/revisions"}],"wp:featuredmedia":[{"embeddable":true,"href":"https:\/\/diarioregionaldigital.com.br\/index.php?rest_route=\/wp\/v2\/media\/165335"}],"wp:attachment":[{"href":"https:\/\/diarioregionaldigital.com.br\/index.php?rest_route=%2Fwp%2Fv2%2Fmedia&parent=173015"}],"wp:term":[{"taxonomy":"category","embeddable":true,"href":"https:\/\/diarioregionaldigital.com.br\/index.php?rest_route=%2Fwp%2Fv2%2Fcategories&post=173015"},{"taxonomy":"post_tag","embeddable":true,"href":"https:\/\/diarioregionaldigital.com.br\/index.php?rest_route=%2Fwp%2Fv2%2Ftags&post=173015"}],"curies":[{"name":"wp","href":"https:\/\/api.w.org\/{rel}","templated":true}]}}