{"id":173006,"date":"2020-11-13T17:07:37","date_gmt":"2020-11-13T20:07:37","guid":{"rendered":"https:\/\/diarioregionaldigital.com.br\/?p=173006"},"modified":"2020-11-13T17:07:37","modified_gmt":"2020-11-13T20:07:37","slug":"motociclista-morre-apos-colidir-com-cavalo-na-br-267-em-lima-duarte","status":"publish","type":"post","link":"https:\/\/diarioregionaldigital.com.br\/?p=173006","title":{"rendered":"Motociclista morre ap\u00f3s colidir com cavalo na BR-267 em Lima Duarte"},"content":{"rendered":"<p>No final da madrugada desta sexta-feira (13), um motociclista, 36 anos, morreu ap\u00f3s atropelar um cavalo, no Km 155 da BR-267, no munic\u00edpio de Lima Duarte. De acordo com informa\u00e7\u00f5es da Pol\u00edcia Rodovi\u00e1ria Federal (PRF), o condutor fazia o trajeto no sentido a Juiz de Fora. Al\u00e9m disso, haviam seis cavalos na pista e o corpo da v\u00edtima foi identificado por familiares. O condutor era morador de Lima Duarte e a visibilidade estava prejudicada pela cerra\u00e7\u00e3o densa.<\/p>\n","protected":false},"excerpt":{"rendered":"<p>No final da madrugada desta sexta-feira (13), um motociclista, 36 anos, morreu ap\u00f3s atropelar um cavalo, no Km 155 da BR-267, no munic\u00edpio de Lima Duarte. De acordo com informa\u00e7\u00f5es da Pol\u00edcia Rodovi\u00e1ria Federal (PRF), o condutor fazia o trajeto no sentido a Juiz de Fora. Al\u00e9m disso, haviam seis cavalos na pista e o [&hellip;]<\/p>\n","protected":false},"author":96,"featured_media":173007,"comment_status":"closed","ping_status":"closed","sticky":false,"template":"","format":"standard","meta":{"footnotes":""},"categories":[436,252,439],"tags":[],"class_list":["post-173006","post","type-post","status-publish","format-standard","has-post-thumbnail","hentry","category-destaque-da-semana","category-regiao","category-ultima-hora"],"_links":{"self":[{"href":"https:\/\/diarioregionaldigital.com.br\/index.php?rest_route=\/wp\/v2\/posts\/173006","targetHints":{"allow":["GET"]}}],"collection":[{"href":"https:\/\/diarioregionaldigital.com.br\/index.php?rest_route=\/wp\/v2\/posts"}],"about":[{"href":"https:\/\/diarioregionaldigital.com.br\/index.php?rest_route=\/wp\/v2\/types\/post"}],"author":[{"embeddable":true,"href":"https:\/\/diarioregionaldigital.com.br\/index.php?rest_route=\/wp\/v2\/users\/96"}],"replies":[{"embeddable":true,"href":"https:\/\/diarioregionaldigital.com.br\/index.php?rest_route=%2Fwp%2Fv2%2Fcomments&post=173006"}],"version-history":[{"count":0,"href":"https:\/\/diarioregionaldigital.com.br\/index.php?rest_route=\/wp\/v2\/posts\/173006\/revisions"}],"wp:featuredmedia":[{"embeddable":true,"href":"https:\/\/diarioregionaldigital.com.br\/index.php?rest_route=\/wp\/v2\/media\/173007"}],"wp:attachment":[{"href":"https:\/\/diarioregionaldigital.com.br\/index.php?rest_route=%2Fwp%2Fv2%2Fmedia&parent=173006"}],"wp:term":[{"taxonomy":"category","embeddable":true,"href":"https:\/\/diarioregionaldigital.com.br\/index.php?rest_route=%2Fwp%2Fv2%2Fcategories&post=173006"},{"taxonomy":"post_tag","embeddable":true,"href":"https:\/\/diarioregionaldigital.com.br\/index.php?rest_route=%2Fwp%2Fv2%2Ftags&post=173006"}],"curies":[{"name":"wp","href":"https:\/\/api.w.org\/{rel}","templated":true}]}}