{"id":173003,"date":"2020-11-13T17:01:32","date_gmt":"2020-11-13T20:01:32","guid":{"rendered":"https:\/\/diarioregionaldigital.com.br\/?p=173003"},"modified":"2020-11-13T17:01:32","modified_gmt":"2020-11-13T20:01:32","slug":"pjf-mantem-aberta-consulta-publica-do-plano-de-gestao-de-residuos-solidos","status":"publish","type":"post","link":"https:\/\/diarioregionaldigital.com.br\/?p=173003","title":{"rendered":"PJF mant\u00e9m aberta consulta p\u00fablica do Plano de Gest\u00e3o de Res\u00edduos S\u00f3lidos"},"content":{"rendered":"<p>A Consulta P\u00fablica do Plano Municipal de Gest\u00e3o Integrada de Res\u00edduos S\u00f3lidos de Juiz de Fora (PMGIRS-JF) permanece aberta e a Prefeitura de Juiz de Fora (PJF) continua recebendo as contribui\u00e7\u00f5es da popula\u00e7\u00e3o. A a\u00e7\u00e3o \u00e9 da Secretaria de Planejamento e Gest\u00e3o (Seplag), e visa receber ideias e sugest\u00f5es para enriquecer o documento, que est\u00e1 em fase final de elabora\u00e7\u00e3o. Al\u00e9m da participa\u00e7\u00e3o, os interessados podem esclarecer d\u00favidas sobre o programa.<\/p>\n<p>At\u00e9 o dia 25 estar\u00e3o disponibilizados canais de contato com o cidad\u00e3o, como e-mail (pmgirsjf@pjf.mg.gov.br); telefone (3690-7317), com plant\u00e3o de segunda a sexta-feira, das 8h30 \u00e0s 12h30; e site (<a href=\"https:\/\/www.pjf.mg.gov.br\/secretarias\/seplag\/planos_programas\/pmgirs\/index.php\">pjf.mg.gov.br\/pmgirs<\/a>), onde haver\u00e1 um formul\u00e1rio eletr\u00f4nico para inclus\u00e3o das contribui\u00e7\u00f5es. Para facilitar quem tiver dificuldade de acesso \u00e0 internet, uma estrutura est\u00e1 montada no pr\u00e9dio da PJF (Avenida Brasil, 2.001, 5\u00ba andar \u2013 sagu\u00e3o do elevador, Centro), com computador \u00e0 disposi\u00e7\u00e3o de quem quiser contribuir. No local tem servidor para orientar o cidad\u00e3o e realizar a higieniza\u00e7\u00e3o do equipamento a cada acesso, garantindo a seguran\u00e7a dos participantes. Para entrar no pr\u00e9dio, o uso de m\u00e1scara \u00e9 obrigat\u00f3rio. Os demais crit\u00e9rios de higiene tamb\u00e9m est\u00e3o sendo seguidos, devido \u00e0 pandemia de covid-19. O atendimento no local \u00e9 de segunda a sexta-feira, das 8h30 \u00e0s 12h30.<\/p>\n<p>Todas as contribui\u00e7\u00f5es ser\u00e3o analisadas pelo Grupo T\u00e9cnico (GT) do plano, antes de serem inclu\u00eddas no documento. Os cidad\u00e3os ter\u00e3o retorno por e-mail. Est\u00e3o sendo esperadas participa\u00e7\u00f5es de setores especializados (prestadores de servi\u00e7os e institui\u00e7\u00f5es de ensino) e p\u00fablico e da sociedade em geral.<\/p>\n<p>O plano visa nortear a\u00e7\u00f5es relacionadas \u00e0 cultura sustent\u00e1vel, prevendo diminui\u00e7\u00e3o e preven\u00e7\u00e3o da gera\u00e7\u00e3o de res\u00edduos s\u00f3lidos no territ\u00f3rio. Pautado na responsabilidade compartilhada, o PMGIRS ser\u00e1 mais um importante instrumento para orientar a sustentabilidade econ\u00f4mica e a responsabilidade ambiental.<\/p>\n<p><b>Audi\u00eancia p\u00fablica<\/b><\/p>\n<p>A PJF realizar\u00e1 audi\u00eancia p\u00fablica no dia 25, \u00e0s 14 horas, com o objetivo de permitir mais uma importante discuss\u00e3o em torno da conclus\u00e3o do plano. Tamb\u00e9m em fun\u00e7\u00e3o da pandemia, o encontro ser\u00e1 on line, em link a ser disponibilizado e divulgado. Ser\u00e1 realizada inscri\u00e7\u00e3o para quem quiser fazer suas considera\u00e7\u00f5es. Quem n\u00e3o tiver acesso \u00e0 internet poder\u00e1 ir \u00e0 Escola de Governo Municipal (Rua Maria Perp\u00e9tua, 72, 3\u00ba andar, Bairro Ladeira) para acompanhar a audi\u00eancia, que ser\u00e1 transmitida em tel\u00e3o, no audit\u00f3rio do espa\u00e7o.<\/p>\n<p><b>Realidade para mudar<\/b><\/p>\n<p>Com as a\u00e7\u00f5es previstas neste documento, pretende-se mudar a cultura de tratamento de res\u00edduos s\u00f3lidos hoje existente no munic\u00edpio, buscando, tamb\u00e9m, entre outros, a valoriza\u00e7\u00e3o dos catadores de materiais recicl\u00e1veis. A meta \u00e9 oferecer apoio \u00e0 atua\u00e7\u00e3o deste profissional, com est\u00edmulo \u00e0 sua organiza\u00e7\u00e3o, atrav\u00e9s do associativismo-cooperativismo, obtendo-se maior efici\u00eancia na reciclagem.<\/p>\n<p>A gera\u00e7\u00e3o total de res\u00edduos s\u00f3lidos da cidade \u00e9 de 1,160 mil toneladas ao ano, o que corresponde a 3,718 toneladas di\u00e1rias. Segundo o Departamento Municipal de Limpeza Urbana (Demlurb), cerca de 440 toneladas de res\u00edduos domiciliares foram coletadas e aterradas diariamente, em 2019. E pouco mais de quatro toneladas di\u00e1rias foram destinadas \u00e0 reciclagem.<\/p>\n<p><b>Legisla\u00e7\u00e3o<\/b><\/p>\n<p>O PMGIRS-JF \u00e9 embasado nas leis federais 12.305\/2010 e 11.445\/2007, que institu\u00edram, respectivamente, a Pol\u00edtica Nacional de Res\u00edduos S\u00f3lidos e as Diretrizes Nacionais para o Saneamento B\u00e1sico. A elabora\u00e7\u00e3o do plano tamb\u00e9m est\u00e1 em conson\u00e2ncia com a Pol\u00edtica Nacional sobre Mudan\u00e7as do Clima, criada pela Lei Federal 12.187\/2009, e Lei Estadual 18.031\/2009, com a Pol\u00edtica Estadual de Res\u00edduos S\u00f3lidos de Minas Gerais, al\u00e9m de outros instrumentos legais ligados ao tema, como as pol\u00edticas nacional e estadual de meio ambiente e de educa\u00e7\u00e3o ambiental.<\/p>\n<p>Para execu\u00e7\u00e3o do programa, a PJF conta com recurso de R$ 458.325,22, financiado pela Associa\u00e7\u00e3o Pr\u00f3-Gest\u00e3o das \u00c1guas da Bacia Hidrogr\u00e1fica do Rio Para\u00edba do Sul (Agevap) com interveni\u00eancia da Caixa Econ\u00f4mica Federal (CEF). A elabora\u00e7\u00e3o do PMGIRS-JF est\u00e1 sendo realizada pelo GT, com consultoria da empresa licitada I&amp;T \u2013 Informa\u00e7\u00f5es e T\u00e9cnicas em Constru\u00e7\u00e3o Civil Ltda.<\/p>\n<p><strong>Fonte:\u00a0<\/strong>Assessoria<\/p>\n","protected":false},"excerpt":{"rendered":"<p>A Consulta P\u00fablica do Plano Municipal de Gest\u00e3o Integrada de Res\u00edduos S\u00f3lidos de Juiz de Fora (PMGIRS-JF) permanece aberta e a Prefeitura de Juiz de Fora (PJF) continua recebendo as contribui\u00e7\u00f5es da popula\u00e7\u00e3o. A a\u00e7\u00e3o \u00e9 da Secretaria de Planejamento e Gest\u00e3o (Seplag), e visa receber ideias e sugest\u00f5es para enriquecer o documento, que est\u00e1 [&hellip;]<\/p>\n","protected":false},"author":96,"featured_media":173004,"comment_status":"closed","ping_status":"closed","sticky":false,"template":"","format":"standard","meta":{"footnotes":""},"categories":[436,254,439],"tags":[],"class_list":["post-173003","post","type-post","status-publish","format-standard","has-post-thumbnail","hentry","category-destaque-da-semana","category-politica","category-ultima-hora"],"_links":{"self":[{"href":"https:\/\/diarioregionaldigital.com.br\/index.php?rest_route=\/wp\/v2\/posts\/173003","targetHints":{"allow":["GET"]}}],"collection":[{"href":"https:\/\/diarioregionaldigital.com.br\/index.php?rest_route=\/wp\/v2\/posts"}],"about":[{"href":"https:\/\/diarioregionaldigital.com.br\/index.php?rest_route=\/wp\/v2\/types\/post"}],"author":[{"embeddable":true,"href":"https:\/\/diarioregionaldigital.com.br\/index.php?rest_route=\/wp\/v2\/users\/96"}],"replies":[{"embeddable":true,"href":"https:\/\/diarioregionaldigital.com.br\/index.php?rest_route=%2Fwp%2Fv2%2Fcomments&post=173003"}],"version-history":[{"count":0,"href":"https:\/\/diarioregionaldigital.com.br\/index.php?rest_route=\/wp\/v2\/posts\/173003\/revisions"}],"wp:featuredmedia":[{"embeddable":true,"href":"https:\/\/diarioregionaldigital.com.br\/index.php?rest_route=\/wp\/v2\/media\/173004"}],"wp:attachment":[{"href":"https:\/\/diarioregionaldigital.com.br\/index.php?rest_route=%2Fwp%2Fv2%2Fmedia&parent=173003"}],"wp:term":[{"taxonomy":"category","embeddable":true,"href":"https:\/\/diarioregionaldigital.com.br\/index.php?rest_route=%2Fwp%2Fv2%2Fcategories&post=173003"},{"taxonomy":"post_tag","embeddable":true,"href":"https:\/\/diarioregionaldigital.com.br\/index.php?rest_route=%2Fwp%2Fv2%2Ftags&post=173003"}],"curies":[{"name":"wp","href":"https:\/\/api.w.org\/{rel}","templated":true}]}}