{"id":173000,"date":"2020-11-13T16:58:20","date_gmt":"2020-11-13T19:58:20","guid":{"rendered":"https:\/\/diarioregionaldigital.com.br\/?p=173000"},"modified":"2020-11-13T16:58:20","modified_gmt":"2020-11-13T19:58:20","slug":"parque-da-lajinha-estara-fechado-neste-domingo","status":"publish","type":"post","link":"https:\/\/diarioregionaldigital.com.br\/?p=173000","title":{"rendered":"Parque da Lajinha estar\u00e1 fechado neste domingo"},"content":{"rendered":"<p>Devido ao processo eleitoral que ser\u00e1 realizado neste domingo, dia 15, o Parque da Lajinha n\u00e3o ser\u00e1 aberto ao p\u00fablico. A Secretaria de Meio Ambiente e Ordenamento Urbano (Semaur), administradora do espa\u00e7o, informa que a decis\u00e3o foi tomada para possibilitar os servidores votarem. Com os protocolos de seguran\u00e7a mais r\u00edgidos, devido a pandemia do novo Coronav\u00edrus, o tempo dos eleitores nas sess\u00f5es pode aumentar.<\/p>\n<p>No s\u00e1bado, 14, o funcionamento do parque ser\u00e1 normal no hor\u00e1rio de 8 \u00e0s 14 horas. O controle dos protocolos em rela\u00e7\u00e3o \u00e0 Covid-19 \u00e9 realizado pelos servidores do parque em conjunto com a Guarda Municipal Ambiental. A reabertura do espa\u00e7o em 19 de setembro foi poss\u00edvel por meio da parceria com a Secretaria de Esporte e Lazer (SEL) que cedeu profissionais para realizarem aferi\u00e7\u00e3o da temperatura dos visitantes, com a Secretaria de Transportes e Tr\u00e2nsito (Settra) e tamb\u00e9m com o Departamento Municipal de Limpeza Urbana (Demlurb) e o Instituto Estadual de Florestas (IEF).<\/p>\n<p>No estacionamento interno s\u00e3o disponibilizadas 35 vagas. O parque tamb\u00e9m passou a oferecer mais uma op\u00e7\u00e3o de lazer, o passeio de pedalinho. O servi\u00e7o \u00e9 executado por uma empresa terceirizada, vencedora da licita\u00e7\u00e3o realizada pela Semaur, e tem custo de R$5 por pessoa, incluindo crian\u00e7as, pelo per\u00edodo de 15 minutos.<\/p>\n<p>A Semaur ressalta aos visitantes que permanece a obrigatoriedade do uso de m\u00e1scara durante toda a visita\u00e7\u00e3o, a aferi\u00e7\u00e3o da temperatura na entrada, e a proibi\u00e7\u00e3o da realiza\u00e7\u00e3o de eventos e ensaios fotogr\u00e1ficos. Os parquinhos infantis e os aparelhos de gin\u00e1stica continuam fechados. Na fila para entrada deve-se manter a dist\u00e2ncia m\u00ednima de dois metros entre as pessoas, respeitando as sinaliza\u00e7\u00f5es de distanciamento no ch\u00e3o. A utiliza\u00e7\u00e3o dos bebedouros somente \u00e9 permitida com garrafas ou copos, sendo proibido o uso do jato diretamente na boca.<\/p>\n<p><strong>Fonte:<\/strong> Assessoria<\/p>\n","protected":false},"excerpt":{"rendered":"<p>Devido ao processo eleitoral que ser\u00e1 realizado neste domingo, dia 15, o Parque da Lajinha n\u00e3o ser\u00e1 aberto ao p\u00fablico. A Secretaria de Meio Ambiente e Ordenamento Urbano (Semaur), administradora do espa\u00e7o, informa que a decis\u00e3o foi tomada para possibilitar os servidores votarem. Com os protocolos de seguran\u00e7a mais r\u00edgidos, devido a pandemia do novo [&hellip;]<\/p>\n","protected":false},"author":96,"featured_media":173001,"comment_status":"closed","ping_status":"closed","sticky":false,"template":"","format":"standard","meta":{"footnotes":""},"categories":[253,436,439],"tags":[],"class_list":["post-173000","post","type-post","status-publish","format-standard","has-post-thumbnail","hentry","category-cidade","category-destaque-da-semana","category-ultima-hora"],"_links":{"self":[{"href":"https:\/\/diarioregionaldigital.com.br\/index.php?rest_route=\/wp\/v2\/posts\/173000","targetHints":{"allow":["GET"]}}],"collection":[{"href":"https:\/\/diarioregionaldigital.com.br\/index.php?rest_route=\/wp\/v2\/posts"}],"about":[{"href":"https:\/\/diarioregionaldigital.com.br\/index.php?rest_route=\/wp\/v2\/types\/post"}],"author":[{"embeddable":true,"href":"https:\/\/diarioregionaldigital.com.br\/index.php?rest_route=\/wp\/v2\/users\/96"}],"replies":[{"embeddable":true,"href":"https:\/\/diarioregionaldigital.com.br\/index.php?rest_route=%2Fwp%2Fv2%2Fcomments&post=173000"}],"version-history":[{"count":0,"href":"https:\/\/diarioregionaldigital.com.br\/index.php?rest_route=\/wp\/v2\/posts\/173000\/revisions"}],"wp:featuredmedia":[{"embeddable":true,"href":"https:\/\/diarioregionaldigital.com.br\/index.php?rest_route=\/wp\/v2\/media\/173001"}],"wp:attachment":[{"href":"https:\/\/diarioregionaldigital.com.br\/index.php?rest_route=%2Fwp%2Fv2%2Fmedia&parent=173000"}],"wp:term":[{"taxonomy":"category","embeddable":true,"href":"https:\/\/diarioregionaldigital.com.br\/index.php?rest_route=%2Fwp%2Fv2%2Fcategories&post=173000"},{"taxonomy":"post_tag","embeddable":true,"href":"https:\/\/diarioregionaldigital.com.br\/index.php?rest_route=%2Fwp%2Fv2%2Ftags&post=173000"}],"curies":[{"name":"wp","href":"https:\/\/api.w.org\/{rel}","templated":true}]}}