{"id":172997,"date":"2020-11-13T16:19:37","date_gmt":"2020-11-13T19:19:37","guid":{"rendered":"https:\/\/diarioregionaldigital.com.br\/?p=172997"},"modified":"2020-11-13T16:19:37","modified_gmt":"2020-11-13T19:19:37","slug":"neymar-e-desconvocado-e-nao-enfrenta-o-uruguai-nas-eliminatorias","status":"publish","type":"post","link":"https:\/\/diarioregionaldigital.com.br\/?p=172997","title":{"rendered":"Neymar \u00e9 desconvocado e n\u00e3o enfrenta o Uruguai nas Eliminat\u00f3rias"},"content":{"rendered":"<p><span style=\"font-weight: 400;\">A Comiss\u00e3o T\u00e9cnica da Sele\u00e7\u00e3o Brasileira, anunciou a desconvoca\u00e7\u00e3o do atacante Neymar, por conta da les\u00e3o no m\u00fasculo adutor da perna esquerda. O jogador fez tratamento na Granja Comary em Teres\u00f3polis-RJ, por\u00e9m o departamento m\u00e9dico diz que n\u00e3o haveria tempo h\u00e1bil para recupera\u00e7\u00e3o, antes do cl\u00e1ssico diante do Uruguai na ter\u00e7a-feira (17), pela quarta rodada das Eliminat\u00f3rias da Copa do Mundo Catar 2022.<\/span><\/p>\n<p><span style=\"font-weight: 400;\">O atacante sofreu a les\u00e3o no duelo entre Istanbul Basaksehir x Paris Saint-Germain, pela Liga dos Campe\u00f5es. Ele saiu de campo ainda no primeiro tempo.<\/span><\/p>\n<p><span style=\"font-weight: 400;\">Como havia sido informado pela Confedera\u00e7\u00e3o Brasileira de Futebol (CBF), Neymar chegou a se apresentar na concentra\u00e7\u00e3o, para realizar o tratamento. Havia expectativa de que ele evolu\u00edsse a tempo de enfrentar a \u2018Celeste\u2019, o que n\u00e3o se confirmou, como explica o m\u00e9dico Rodrigo Lasmar:<\/span><\/p>\n<p><span style=\"font-weight: 400;\">&#8220;O jogador se apresentou na segunda-feira e, desde ent\u00e3o, foi submetido a um trabalho intensivo de fisioterapia. Ele apresentou boa evolu\u00e7\u00e3o, mas n\u00e3o suficiente para que estivesse dispon\u00edvel para o jogo contra o Uruguai. Hoje, ao chegarmos em S\u00e3o Paulo, n\u00f3s j\u00e1 t\u00ednhamos um exame programado de ultrassonografia para acompanharmos a resposta da sua cicatriza\u00e7\u00e3o&#8221;.<\/span><\/p>\n<p><span style=\"font-weight: 400;\">Brasil visita os uruguaios, na ter\u00e7a-feira, \u00e0s 20h00, no Est\u00e1dio Centen\u00e1rio na capital Montevideo.<\/span><\/p>\n","protected":false},"excerpt":{"rendered":"<p>A Comiss\u00e3o T\u00e9cnica da Sele\u00e7\u00e3o Brasileira, anunciou a desconvoca\u00e7\u00e3o do atacante Neymar, por conta da les\u00e3o no m\u00fasculo adutor da perna esquerda. O jogador fez tratamento na Granja Comary em Teres\u00f3polis-RJ, por\u00e9m o departamento m\u00e9dico diz que n\u00e3o haveria tempo h\u00e1bil para recupera\u00e7\u00e3o, antes do cl\u00e1ssico diante do Uruguai na ter\u00e7a-feira (17), pela quarta rodada [&hellip;]<\/p>\n","protected":false},"author":96,"featured_media":172998,"comment_status":"closed","ping_status":"closed","sticky":false,"template":"","format":"standard","meta":{"footnotes":""},"categories":[436,257,439],"tags":[],"class_list":["post-172997","post","type-post","status-publish","format-standard","has-post-thumbnail","hentry","category-destaque-da-semana","category-esporte","category-ultima-hora"],"_links":{"self":[{"href":"https:\/\/diarioregionaldigital.com.br\/index.php?rest_route=\/wp\/v2\/posts\/172997","targetHints":{"allow":["GET"]}}],"collection":[{"href":"https:\/\/diarioregionaldigital.com.br\/index.php?rest_route=\/wp\/v2\/posts"}],"about":[{"href":"https:\/\/diarioregionaldigital.com.br\/index.php?rest_route=\/wp\/v2\/types\/post"}],"author":[{"embeddable":true,"href":"https:\/\/diarioregionaldigital.com.br\/index.php?rest_route=\/wp\/v2\/users\/96"}],"replies":[{"embeddable":true,"href":"https:\/\/diarioregionaldigital.com.br\/index.php?rest_route=%2Fwp%2Fv2%2Fcomments&post=172997"}],"version-history":[{"count":0,"href":"https:\/\/diarioregionaldigital.com.br\/index.php?rest_route=\/wp\/v2\/posts\/172997\/revisions"}],"wp:featuredmedia":[{"embeddable":true,"href":"https:\/\/diarioregionaldigital.com.br\/index.php?rest_route=\/wp\/v2\/media\/172998"}],"wp:attachment":[{"href":"https:\/\/diarioregionaldigital.com.br\/index.php?rest_route=%2Fwp%2Fv2%2Fmedia&parent=172997"}],"wp:term":[{"taxonomy":"category","embeddable":true,"href":"https:\/\/diarioregionaldigital.com.br\/index.php?rest_route=%2Fwp%2Fv2%2Fcategories&post=172997"},{"taxonomy":"post_tag","embeddable":true,"href":"https:\/\/diarioregionaldigital.com.br\/index.php?rest_route=%2Fwp%2Fv2%2Ftags&post=172997"}],"curies":[{"name":"wp","href":"https:\/\/api.w.org\/{rel}","templated":true}]}}