{"id":172994,"date":"2020-11-13T16:08:35","date_gmt":"2020-11-13T19:08:35","guid":{"rendered":"https:\/\/diarioregionaldigital.com.br\/?p=172994"},"modified":"2020-11-13T16:08:35","modified_gmt":"2020-11-13T19:08:35","slug":"categoria-destinada-as-mulheres-w-series-fara-parte-de-tres-finais-de-semana-da-f1","status":"publish","type":"post","link":"https:\/\/diarioregionaldigital.com.br\/?p=172994","title":{"rendered":"Categoria destinada \u00e0s mulheres, W Series far\u00e1 parte de tr\u00eas finais de semana da F1"},"content":{"rendered":"<p><span style=\"font-weight: 400;\">Criada em 2019 pela Federa\u00e7\u00e3o Internacional de Automobilismo (FIA) e objetivando a inclus\u00e3o de mulheres cada vez mais no automobilismo, a W Series, far\u00e1 parte da programa\u00e7\u00e3o de oito finais de semana, na temporada 2021 da F1. A categoria contar\u00e1 com a brasileira Bruna Tomaselli, que disputou as categorias de base da F\u00f3rmula Indy nos Estados Unidos e tamb\u00e9m com a primeira campe\u00e3 Jamie Chadwick.<\/span><\/p>\n<p><span style=\"font-weight: 400;\">As etapas e as datas das provas ser\u00e3o divulgadas mais posteriormente. A novidade foi facilitada pela mudan\u00e7a nos calend\u00e1rios da F2 e F3, que ocupam de oito a 12 fins de semana da F1. Al\u00e9m disso, esta ser\u00e1 a segunda temporada da categoria, uma vez que o campeonato deste ano foi cancelado, por conta da pandemia do Covid-19. Conforme a diretora executiva,\u00a0 Catherine Bond Muir, a mudan\u00e7a foi necess\u00e1ria e fala sobre a parceria com a F1:<\/span><\/p>\n<p><span style=\"font-weight: 400;\">&#8220;Depois de uma temporada inaugural t\u00e3o bem sucedida [em 2019], n\u00f3s da W Series estamos absolutamente satisfeitos em fazer parceria com a F1 para 2021 e al\u00e9m. \u00c9 a principal s\u00e9rie de automobilismo do mundo, e, quando prometemos que a W Series seria maior e melhor no futuro, a parceria com a F1 sempre foi nosso objetivo final. N\u00e3o h\u00e1 d\u00favida de que, agora que a W Series ser\u00e1 realizada ao lado e em colabora\u00e7\u00e3o com a F1, nosso alcance global, impacto e influ\u00eancia ser\u00e3o aumentados significativamente\u201d.<\/span><\/p>\n<p><span style=\"font-weight: 400;\">Assim como na F2 e F3, que tamb\u00e9m fazem parte do calend\u00e1rio da F1, a W Series valer\u00e1 pontos para a superlicen\u00e7a da FIA, documento exigido para se guiar um carro da principal categoria do automobilismo mundial.<\/span><\/p>\n<p><span style=\"font-weight: 400;\">J\u00e1 o diretor executivo, Ross Brawn, esta integra\u00e7\u00e3o demonstra\u00a0 o compromisso de incluir as mulheres cada vez mais e mais no esporte a motor:<\/span><\/p>\n<p><span style=\"font-weight: 400;\">\u201c\u00c9 um momento muito importante para recebermos a W Series como parceiros para oito corridas nesta temporada. Eles t\u00eam sido um farol para muitos desde que come\u00e7aram a correr em 2019. Acreditamos que \u00e9 incrivelmente importante dar a todos a chance de alcan\u00e7ar os mais altos n\u00edveis do nosso esporte e sua parceria com a F\u00f3rmula 1 na pr\u00f3xima temporada mostra nossa determina\u00e7\u00e3o e compromisso em mostrar suas s\u00e9ries emocionantes e a import\u00e2ncia de construir maior diversidade em todo o esporte.&#8221;<\/span><\/p>\n","protected":false},"excerpt":{"rendered":"<p>Criada em 2019 pela Federa\u00e7\u00e3o Internacional de Automobilismo (FIA) e objetivando a inclus\u00e3o de mulheres cada vez mais no automobilismo, a W Series, far\u00e1 parte da programa\u00e7\u00e3o de oito finais de semana, na temporada 2021 da F1. A categoria contar\u00e1 com a brasileira Bruna Tomaselli, que disputou as categorias de base da F\u00f3rmula Indy nos [&hellip;]<\/p>\n","protected":false},"author":96,"featured_media":172995,"comment_status":"closed","ping_status":"closed","sticky":false,"template":"","format":"standard","meta":{"footnotes":""},"categories":[436,257,439],"tags":[],"class_list":["post-172994","post","type-post","status-publish","format-standard","has-post-thumbnail","hentry","category-destaque-da-semana","category-esporte","category-ultima-hora"],"_links":{"self":[{"href":"https:\/\/diarioregionaldigital.com.br\/index.php?rest_route=\/wp\/v2\/posts\/172994","targetHints":{"allow":["GET"]}}],"collection":[{"href":"https:\/\/diarioregionaldigital.com.br\/index.php?rest_route=\/wp\/v2\/posts"}],"about":[{"href":"https:\/\/diarioregionaldigital.com.br\/index.php?rest_route=\/wp\/v2\/types\/post"}],"author":[{"embeddable":true,"href":"https:\/\/diarioregionaldigital.com.br\/index.php?rest_route=\/wp\/v2\/users\/96"}],"replies":[{"embeddable":true,"href":"https:\/\/diarioregionaldigital.com.br\/index.php?rest_route=%2Fwp%2Fv2%2Fcomments&post=172994"}],"version-history":[{"count":0,"href":"https:\/\/diarioregionaldigital.com.br\/index.php?rest_route=\/wp\/v2\/posts\/172994\/revisions"}],"wp:featuredmedia":[{"embeddable":true,"href":"https:\/\/diarioregionaldigital.com.br\/index.php?rest_route=\/wp\/v2\/media\/172995"}],"wp:attachment":[{"href":"https:\/\/diarioregionaldigital.com.br\/index.php?rest_route=%2Fwp%2Fv2%2Fmedia&parent=172994"}],"wp:term":[{"taxonomy":"category","embeddable":true,"href":"https:\/\/diarioregionaldigital.com.br\/index.php?rest_route=%2Fwp%2Fv2%2Fcategories&post=172994"},{"taxonomy":"post_tag","embeddable":true,"href":"https:\/\/diarioregionaldigital.com.br\/index.php?rest_route=%2Fwp%2Fv2%2Ftags&post=172994"}],"curies":[{"name":"wp","href":"https:\/\/api.w.org\/{rel}","templated":true}]}}