{"id":172988,"date":"2020-11-13T15:45:58","date_gmt":"2020-11-13T18:45:58","guid":{"rendered":"https:\/\/diarioregionaldigital.com.br\/?p=172988"},"modified":"2020-11-13T15:45:58","modified_gmt":"2020-11-13T18:45:58","slug":"apos-a-conclusao-da-repescagem-euro-2020-tem-todas-suas-vagas-preenchidas","status":"publish","type":"post","link":"https:\/\/diarioregionaldigital.com.br\/?p=172988","title":{"rendered":"Ap\u00f3s a conclus\u00e3o da repescagem, Euro 2020 tem todas suas vagas preenchidas"},"content":{"rendered":"<p><span style=\"font-weight: 400;\">Com o t\u00e9rmino da repescagem e consequentemente as classifica\u00e7\u00f5es de Esc\u00f3cia, Eslov\u00e1quia, Hungria e Maced\u00f4nia, a Euro 2020 (adiada para o pr\u00f3ximo ano por conta da pandemia do Covid-19), teve todas as 24 sele\u00e7\u00f5es confirmadas, na disputa da um dos pr\u00eamios mais cobi\u00e7ados do futebol.<\/span><\/p>\n<p><span style=\"font-weight: 400;\">Os outros times que se classificaram s\u00e3o: Alemanha, \u00c1ustria, B\u00e9lgica, Cro\u00e1cia, Dinamarca, Espanha, Finl\u00e2ndia, Fran\u00e7a, Holanda, Inglaterra, It\u00e1lia, Pa\u00eds de Gales, Pol\u00f4nia, Portugal,\u00a0 Rep\u00fablica Tcheca, R\u00fassia, Su\u00e9cia, Su\u00ed\u00e7a, Turquia e Ucr\u00e2nia.\u00a0<\/span><\/p>\n<p><span style=\"font-weight: 400;\">Ao contr\u00e1rio de todas as edi\u00e7\u00f5es passadas, esta ser\u00e1 organizada em 12 cidades de 12 pa\u00edses diferentes, pelo velho continente: Amsterd\u00e3 (Holanda), Baku (Azerbaij\u00e3o), Bilbao (Espanha), Bucareste (Rom\u00eania), Budapeste (Hungria), Copenhagen (Dinamarca), Dublin (Irlanda), Glasgow (Esc\u00f3cia), Wembley (Inglaterra), Munique (Alemanha), Roma (It\u00e1lia) e S\u00e3o Petersburgo (R\u00fassia).<\/span><\/p>\n<p>&nbsp;<\/p>\n<p><b>Curiosidades<\/b><\/p>\n<p>&nbsp;<\/p>\n<p><span style=\"font-weight: 400;\">Dentre os 24 times participantes, apenas Finl\u00e2ndia e Maced\u00f4nia s\u00e3o estreantes na competi\u00e7\u00e3o. Os finlandeses fizeram hist\u00f3ria ao garantir sua classifica\u00e7\u00e3o, mesmo estando no mesmo grupo que a It\u00e1lia nas eliminat\u00f3rias e mesmo n\u00e3o tendo o futebol como esporte favorito no pa\u00eds, que tem grande tradi\u00e7\u00e3o em modalidades de inverno.\u00a0<\/span><\/p>\n<p><span style=\"font-weight: 400;\">No caso dos maced\u00f4nios, \u00e9 sua primeira participa\u00e7\u00e3o em um torneio de sele\u00e7\u00f5es, desde o fim da antiga Iugosl\u00e1via. Ironicamente, eles foram para o mesmo grupo que a \u00c1ustria nas Eliminat\u00f3rias.<\/span><\/p>\n<p><span style=\"font-weight: 400;\">Esta nova edi\u00e7\u00e3o marca tamb\u00e9m, a volta da Sele\u00e7\u00e3o da Esc\u00f3cia em campeonato de futebol, desde 1998, quando disputou a Copa do Mundo na Fran\u00e7a. Curiosamente, os escoceses enfrentaram o ent\u00e3o tetracampe\u00e3o Brasil, logo na estreia. A \u00faltima vez que participaram da Euro, foi em 1996 na Inglaterra.\u00a0<\/span><\/p>\n<p><span style=\"font-weight: 400;\">Al\u00e9m disso, esta nova edi\u00e7\u00e3o contar\u00e1 com o cl\u00e1ssico mais antigo entre sele\u00e7\u00f5es com quase 150 anos de hist\u00f3ria: Inglaterra x Esc\u00f3cia, uma vez que os dois times ca\u00edram no mesmo grupo.<\/span><\/p>\n<p><span style=\"font-weight: 400;\">Dentre as curiosidades citadas na reportagem, o grande destaque fica para o Grupo F da competi\u00e7\u00e3o. A come\u00e7ar pelos finalistas de 2016: Portugal x Fran\u00e7a. Nessa mesma chave, est\u00e3o os dois times da final da Copa do Mundo de 1954, Hungria e Alemanha. Os h\u00fangaros ironicamente v\u00e3o enfrentar a Sele\u00e7\u00e3o Portuguesa, que estiveram no mesmo grupo da edi\u00e7\u00e3o passada. Haver\u00e1 ainda a reedi\u00e7\u00e3o da semifinal tamb\u00e9m de 2016, entre Fran\u00e7a x Alemanha.<\/span><\/p>\n<p><b>Confira os grupos da Euro 2020<\/b><\/p>\n<table>\n<tbody>\n<tr>\n<td><b>Grupo A<\/b><\/td>\n<\/tr>\n<tr>\n<td><b> Turquia<\/b><\/td>\n<\/tr>\n<tr>\n<td><b> It\u00e1lia<\/b><\/td>\n<\/tr>\n<tr>\n<td><b> Pa\u00eds de Gales<\/b><\/td>\n<\/tr>\n<tr>\n<td><b> Su\u00ed\u00e7a<\/b><\/td>\n<\/tr>\n<\/tbody>\n<\/table>\n<p>&nbsp;<\/p>\n<table>\n<tbody>\n<tr>\n<td><b>Grupo B<\/b><\/td>\n<\/tr>\n<tr>\n<td><b> Dinamarca<\/b><\/td>\n<\/tr>\n<tr>\n<td><b> Finl\u00e2ndia<\/b><\/td>\n<\/tr>\n<tr>\n<td><b> B\u00e9lgica<\/b><\/td>\n<\/tr>\n<tr>\n<td><b> R\u00fassia<\/b><\/td>\n<\/tr>\n<\/tbody>\n<\/table>\n<p>&nbsp;<\/p>\n<p>&nbsp;<\/p>\n<table>\n<tbody>\n<tr>\n<td><b>Grupo C<\/b><\/td>\n<\/tr>\n<tr>\n<td><b> Holanda<\/b><\/td>\n<\/tr>\n<tr>\n<td><b> Ucr\u00e2nia<\/b><\/td>\n<\/tr>\n<tr>\n<td><b> \u00c1ustria<\/b><\/td>\n<\/tr>\n<tr>\n<td><b> Maced\u00f4nia<\/b><\/td>\n<\/tr>\n<\/tbody>\n<\/table>\n<p>&nbsp;<\/p>\n<table>\n<tbody>\n<tr>\n<td><b>Grupo D<\/b><\/td>\n<\/tr>\n<tr>\n<td><b> Inglaterra<\/b><\/td>\n<\/tr>\n<tr>\n<td><b> Cro\u00e1cia<\/b><\/td>\n<\/tr>\n<tr>\n<td><b> Rep\u00fablica Tcheca<\/b><\/td>\n<\/tr>\n<tr>\n<td><b> Esc\u00f3cia<\/b><\/td>\n<\/tr>\n<\/tbody>\n<\/table>\n<p>&nbsp;<\/p>\n<table>\n<tbody>\n<tr>\n<td><b>Grupo E<\/b><\/td>\n<\/tr>\n<tr>\n<td><b> Espanha<\/b><\/td>\n<\/tr>\n<tr>\n<td><b> Su\u00e9cia<\/b><\/td>\n<\/tr>\n<tr>\n<td><b> Pol\u00f4nia<\/b><\/td>\n<\/tr>\n<tr>\n<td><b> Eslov\u00e1quia<\/b><\/td>\n<\/tr>\n<\/tbody>\n<\/table>\n<p>&nbsp;<\/p>\n<p>&nbsp;<\/p>\n<table>\n<tbody>\n<tr>\n<td><b>Grupo F<\/b><\/td>\n<\/tr>\n<tr>\n<td><b> Hungria<\/b><\/td>\n<\/tr>\n<tr>\n<td><b> Portugal<\/b><\/td>\n<\/tr>\n<tr>\n<td><b> Fran\u00e7a<\/b><\/td>\n<\/tr>\n<tr>\n<td><b> Alemanha<\/b><\/td>\n<\/tr>\n<\/tbody>\n<\/table>\n<p>&nbsp;<\/p>\n","protected":false},"excerpt":{"rendered":"<p>Com o t\u00e9rmino da repescagem e consequentemente as classifica\u00e7\u00f5es de Esc\u00f3cia, Eslov\u00e1quia, Hungria e Maced\u00f4nia, a Euro 2020 (adiada para o pr\u00f3ximo ano por conta da pandemia do Covid-19), teve todas as 24 sele\u00e7\u00f5es confirmadas, na disputa da um dos pr\u00eamios mais cobi\u00e7ados do futebol. Os outros times que se classificaram s\u00e3o: Alemanha, \u00c1ustria, B\u00e9lgica, [&hellip;]<\/p>\n","protected":false},"author":96,"featured_media":172989,"comment_status":"closed","ping_status":"closed","sticky":false,"template":"","format":"standard","meta":{"footnotes":""},"categories":[436,257,439],"tags":[],"class_list":["post-172988","post","type-post","status-publish","format-standard","has-post-thumbnail","hentry","category-destaque-da-semana","category-esporte","category-ultima-hora"],"_links":{"self":[{"href":"https:\/\/diarioregionaldigital.com.br\/index.php?rest_route=\/wp\/v2\/posts\/172988","targetHints":{"allow":["GET"]}}],"collection":[{"href":"https:\/\/diarioregionaldigital.com.br\/index.php?rest_route=\/wp\/v2\/posts"}],"about":[{"href":"https:\/\/diarioregionaldigital.com.br\/index.php?rest_route=\/wp\/v2\/types\/post"}],"author":[{"embeddable":true,"href":"https:\/\/diarioregionaldigital.com.br\/index.php?rest_route=\/wp\/v2\/users\/96"}],"replies":[{"embeddable":true,"href":"https:\/\/diarioregionaldigital.com.br\/index.php?rest_route=%2Fwp%2Fv2%2Fcomments&post=172988"}],"version-history":[{"count":0,"href":"https:\/\/diarioregionaldigital.com.br\/index.php?rest_route=\/wp\/v2\/posts\/172988\/revisions"}],"wp:featuredmedia":[{"embeddable":true,"href":"https:\/\/diarioregionaldigital.com.br\/index.php?rest_route=\/wp\/v2\/media\/172989"}],"wp:attachment":[{"href":"https:\/\/diarioregionaldigital.com.br\/index.php?rest_route=%2Fwp%2Fv2%2Fmedia&parent=172988"}],"wp:term":[{"taxonomy":"category","embeddable":true,"href":"https:\/\/diarioregionaldigital.com.br\/index.php?rest_route=%2Fwp%2Fv2%2Fcategories&post=172988"},{"taxonomy":"post_tag","embeddable":true,"href":"https:\/\/diarioregionaldigital.com.br\/index.php?rest_route=%2Fwp%2Fv2%2Ftags&post=172988"}],"curies":[{"name":"wp","href":"https:\/\/api.w.org\/{rel}","templated":true}]}}