{"id":172976,"date":"2020-11-13T14:36:16","date_gmt":"2020-11-13T17:36:16","guid":{"rendered":"https:\/\/diarioregionaldigital.com.br\/?p=172976"},"modified":"2020-11-13T14:36:16","modified_gmt":"2020-11-13T17:36:16","slug":"eleicoes-2020-policias-civil-federal-militar-e-guarda-municipal-preparam-esquema-de-seguranca-para-a-votacao","status":"publish","type":"post","link":"https:\/\/diarioregionaldigital.com.br\/?p=172976","title":{"rendered":"Elei\u00e7\u00f5es 2020: Pol\u00edcias Civil, Federal, Militar e Guarda Municipal, preparam esquema de seguran\u00e7a para a vota\u00e7\u00e3o"},"content":{"rendered":"<p><span style=\"font-weight: 400;\">Visando a seguran\u00e7a dos mais de 400 mil eleitores, que ir\u00e3o votar em seus respectivos candidatos para prefeito, vice-prefeito e vereador, as Pol\u00edcias Civil (PCMG), Federal (PF), Militar (PM) e a Guarda Municipal (GM) da Prefeitura de Juiz de Fora (PJF), preparam esquema de seguran\u00e7a, para a vota\u00e7\u00e3o do primeiro turno das Elei\u00e7\u00f5es 2020 neste domingo (15).<\/span><\/p>\n<p><span style=\"font-weight: 400;\"> A PF informa que durante o dia, ser\u00e3o utilizados drones para auxiliar na fiscaliza\u00e7\u00e3o, preven\u00e7\u00e3o e repress\u00e3o de crimes, pelas principais zonas eleitorais espalhadas pelo munic\u00edpio.\u00a0 Os equipamentos ir\u00e3o sobrevoar pelos locais e contam com c\u00e2mera de maior alcance do zoom, capaz de identificar suspeitos, placas de autom\u00f3veis, entregas de santinhos e compras de votos.<\/span><\/p>\n<p><span style=\"font-weight: 400;\">Quanto \u00e0 Pol\u00edcia Civil, o delegado Armando Av\u00f3lio Neto, da 1\u00aa Delegacia Regional de Juiz de Fora, relata que todos os delegados de todas as comarcas existentes na regi\u00e3o, prestar\u00e3o apoio \u00e0s delegacias de plant\u00e3o, em caso de qualquer eventualidade no domingo.<\/span><\/p>\n<p><span style=\"font-weight: 400;\">J\u00e1 a PM informa que 100% do efetivo da 4\u00aa Regi\u00e3o, estar\u00e1 atuando durante o primeiro dia das elei\u00e7\u00f5es. Est\u00e3o inclu\u00eddos militares que trabalham no servi\u00e7o administrativo e os que trabalham no servi\u00e7o operacional.\u00a0<\/span><\/p>\n<p><span style=\"font-weight: 400;\">Entretanto, por conta das quest\u00f5es estrat\u00e9gicas, a corpora\u00e7\u00e3o n\u00e3o informa a quantidade de policiais que estar\u00e3o de servi\u00e7o. Al\u00e9m disso, explica tamb\u00e9m que trabalhar\u00e1 nas atividades de seguran\u00e7a p\u00fablica, em conjunto ao Tribunal Regional Eleitoral (TRE). Ser\u00e1 feito policiamento antes, durante e ap\u00f3s a vota\u00e7\u00e3o, al\u00e9m da escolta e seguran\u00e7a das urnas eletr\u00f4nicas.<\/span><\/p>\n<p><span style=\"font-weight: 400;\">Junto aos policiais civis, federais e militares, os membros da Guarda Municipal tamb\u00e9m ir\u00e3o atuar no per\u00edodo. Ao todo, 43 guardas e 3 viaturas ir\u00e3o executar seus respectivos trabalhos. Eles far\u00e3o seguran\u00e7a na sede da Justi\u00e7a Eleitoral na Avenida Itamar Franco, dar apoio no recolhimento das urnas e fazer rondas na se\u00e7\u00e3o eleitoral do 1\u00ba andar do Independ\u00eancia Shopping.<\/span><\/p>\n<p><b>Regras para a vota\u00e7\u00e3o<\/b><\/p>\n<p><span style=\"font-weight: 400;\">O TRE divulgou regras para o dia da vota\u00e7\u00e3o. Dentre as normas elaboradas, os eleitores com idade acima dos 60 anos, poder\u00e3o votar preferencialmente no hor\u00e1rio entre 7h00 e 10h00 da manh\u00e3. A partir das 10h00 at\u00e9 \u00e0s 17h00, a vota\u00e7\u00e3o estar\u00e1 dispon\u00edvel para o p\u00fablico normal. Todos devem estar com posse de identidade e t\u00edtulo de eleitor.<\/span><\/p>\n<p><span style=\"font-weight: 400;\">Conforme o TRE, o mes\u00e1rio n\u00e3o poder\u00e1 pegar os documentos dos votantes e estes devem ser mostrados. \u00c9 recomendado que o eleitor utilize \u00e1lcool em gel, antes e depois de votar, bem como o uso obrigat\u00f3rio de m\u00e1scara de prote\u00e7\u00e3o. Al\u00e9m disso, como ocorre em todas as Elei\u00e7\u00f5es, \u00e9 feita assinatura que comprove a vota\u00e7\u00e3o em cada turno. O TRE determina que cada eleitor leve sua pr\u00f3pria caneta, como forma de preven\u00e7\u00e3o ao Coronav\u00edrus.\u00a0<\/span><\/p>\n<p>&nbsp;<\/p>\n","protected":false},"excerpt":{"rendered":"<p>Visando a seguran\u00e7a dos mais de 400 mil eleitores, que ir\u00e3o votar em seus respectivos candidatos para prefeito, vice-prefeito e vereador, as Pol\u00edcias Civil (PCMG), Federal (PF), Militar (PM) e a Guarda Municipal (GM) da Prefeitura de Juiz de Fora (PJF), preparam esquema de seguran\u00e7a, para a vota\u00e7\u00e3o do primeiro turno das Elei\u00e7\u00f5es 2020 neste [&hellip;]<\/p>\n","protected":false},"author":96,"featured_media":172977,"comment_status":"closed","ping_status":"closed","sticky":false,"template":"","format":"standard","meta":{"footnotes":""},"categories":[436,440,254,439],"tags":[],"class_list":["post-172976","post","type-post","status-publish","format-standard","has-post-thumbnail","hentry","category-destaque-da-semana","category-destaques-do-dia","category-politica","category-ultima-hora"],"_links":{"self":[{"href":"https:\/\/diarioregionaldigital.com.br\/index.php?rest_route=\/wp\/v2\/posts\/172976","targetHints":{"allow":["GET"]}}],"collection":[{"href":"https:\/\/diarioregionaldigital.com.br\/index.php?rest_route=\/wp\/v2\/posts"}],"about":[{"href":"https:\/\/diarioregionaldigital.com.br\/index.php?rest_route=\/wp\/v2\/types\/post"}],"author":[{"embeddable":true,"href":"https:\/\/diarioregionaldigital.com.br\/index.php?rest_route=\/wp\/v2\/users\/96"}],"replies":[{"embeddable":true,"href":"https:\/\/diarioregionaldigital.com.br\/index.php?rest_route=%2Fwp%2Fv2%2Fcomments&post=172976"}],"version-history":[{"count":0,"href":"https:\/\/diarioregionaldigital.com.br\/index.php?rest_route=\/wp\/v2\/posts\/172976\/revisions"}],"wp:featuredmedia":[{"embeddable":true,"href":"https:\/\/diarioregionaldigital.com.br\/index.php?rest_route=\/wp\/v2\/media\/172977"}],"wp:attachment":[{"href":"https:\/\/diarioregionaldigital.com.br\/index.php?rest_route=%2Fwp%2Fv2%2Fmedia&parent=172976"}],"wp:term":[{"taxonomy":"category","embeddable":true,"href":"https:\/\/diarioregionaldigital.com.br\/index.php?rest_route=%2Fwp%2Fv2%2Fcategories&post=172976"},{"taxonomy":"post_tag","embeddable":true,"href":"https:\/\/diarioregionaldigital.com.br\/index.php?rest_route=%2Fwp%2Fv2%2Ftags&post=172976"}],"curies":[{"name":"wp","href":"https:\/\/api.w.org\/{rel}","templated":true}]}}