{"id":172964,"date":"2020-11-13T13:40:28","date_gmt":"2020-11-13T16:40:28","guid":{"rendered":"https:\/\/diarioregionaldigital.com.br\/?p=172964"},"modified":"2020-11-13T13:40:28","modified_gmt":"2020-11-13T16:40:28","slug":"covid-19-rt-registrado-em-juiz-de-fora-e-o-maior-desde-setembro","status":"publish","type":"post","link":"https:\/\/diarioregionaldigital.com.br\/?p=172964","title":{"rendered":"Covid-19: Rt registrado em Juiz de Fora \u00e9 o maior desde setembro"},"content":{"rendered":"<p><span style=\"font-weight: 400;\">A 14\u00aa edi\u00e7\u00e3o do boletim informativo da plataforma JF Salvando Todos, publicada na quarta-feira (11), atualiza os dados da pandemia do novo coronav\u00edrus. O informe \u00e9 elaborado por estudantes do curso de estat\u00edstica, sob a orienta\u00e7\u00e3o de docentes, da Universidade Federal de Juiz de Fora (UFJF).\u00a0<\/span><\/p>\n<p><span style=\"font-weight: 400;\">O boletim cont\u00e9m dados e gr\u00e1ficos sobre a evolu\u00e7\u00e3o da Covid-19 em todo o pa\u00eds. S\u00e3o destaques da edi\u00e7\u00e3o: Aumento do Rt em Juiz de Fora e Minas Gerais; segunda onda de casos em Lavras e os n\u00fameros do isolamento social.\u00a0<\/span><\/p>\n<p><b>Juiz de Fora\u00a0<\/b><\/p>\n<p><span style=\"font-weight: 400;\">Em n\u00fameros totais, na data de 9 de novembro, o munic\u00edpio registrava 7.494 casos confirmados e 272 vidas perdidas. Dados que representam um aumento de 7,9% e 6,3% respectivamente nas taxas, considerando o per\u00edodo de duas semanas.\u00a0<\/span><\/p>\n<p><span style=\"font-weight: 400;\">Na an\u00e1lise semanal, a cidade apresentou 259 novas notifica\u00e7\u00f5es e cinco \u00f3bitos pelo novo coronav\u00edrus. Em compara\u00e7\u00e3o \u00e0 44\u00aa semana epidemiol\u00f3gica (25 e 31 de outubro), o n\u00famero de casos aumentou em 30%; com rela\u00e7\u00e3o a letalidade, houve uma redu\u00e7\u00e3o de 50%\u00a0 na mesma an\u00e1lise.<\/span><\/p>\n<p><b>Propaga\u00e7\u00e3o do v\u00edrus<\/b><\/p>\n<p><span style=\"font-weight: 400;\">O N\u00famero de Reprodu\u00e7\u00e3o Efetivo (Rt) estimado para Juiz de Fora apresentou uma varia\u00e7\u00e3o da \u00faltima edi\u00e7\u00e3o do informe (26 de outubro) para a atual (9 de novembro). Neste per\u00edodo, o Rt variou para o valor m\u00e1ximo de 1,56 e m\u00ednimo de 0,68.\u00a0<\/span><\/p>\n<p><span style=\"font-weight: 400;\">Esse \u00e9 um dos indicadores importante para avaliar a evolu\u00e7\u00e3o do doen\u00e7a. O Rt demonstra o potencial de propaga\u00e7\u00e3o do v\u00edrus. De acordo com a Organiza\u00e7\u00e3o Mundial da Sa\u00fade (OMS), para considerar a pandemia sob controle \u00e9 necess\u00e1rio que o Rt se mantenha abaixo de um persistentemente no per\u00edodo de duas semanas.\u00a0\u00a0\u00a0<\/span><\/p>\n<p><span style=\"font-weight: 400;\">Quando temos o Rt acima de um, a doen\u00e7a est\u00e1 se disseminando, ou seja, um pessoa infectada est\u00e1 transmitindo o coronav\u00edrus a pelo menos uma outra pessoa. Juiz de Fora ainda n\u00e3o atende aos crit\u00e9rios de controle da pandemia, os pesquisadores orientam que os cuidados essenciais e o isolamento social continuem para a preven\u00e7\u00e3o \u00e0 doen\u00e7a.<\/span><\/p>\n<p><span style=\"font-weight: 400;\">Com base no mapeamento do Google Mobility, continua alta a ida a farm\u00e1cias e locais de venda de alimentos. Quando analisados os dados de movimenta\u00e7\u00e3o em parques e locais de lazer, o informe avalia que houve uma redu\u00e7\u00e3o de 20%, em compara\u00e7\u00e3o ao per\u00edodo anterior \u00e0 pandemia \u2013 esse n\u00famero era de 17%, em 23 de outubro.<\/span><\/p>\n<p><span style=\"font-weight: 400;\">A an\u00e1lise demonstra que Juiz de Fora teve uma redu\u00e7\u00e3o no isolamento social. Os dados levantados consideraram como indicadores a perman\u00eancia em casa; idas a locais de trabalho; idas \u00e0 farm\u00e1cias e pontos de vendas de alimentos; estabelecimentos de varejos e recrea\u00e7\u00e3o.\u00a0<\/span><\/p>\n<p><b>Panorama regional<\/b><\/p>\n<p><span style=\"font-weight: 400;\">A cidade de Lavras, localizada no sul do estado, vinha apresentando poucos casos confirmados desde julho. Por\u00e9m, a partir do m\u00eas de outubro ocorreu uma mudan\u00e7a nessa situa\u00e7\u00e3o. A cidade chegou a apresentar 61 novos casos no per\u00edodo de uma semana \u2013 o maior n\u00famero registrado anteriormente era de 51 novas notifica\u00e7\u00f5es, referente ao m\u00eas de julho.\u00a0<\/span><\/p>\n<p><span style=\"font-weight: 400;\">At\u00e9 a data de fechamento da edi\u00e7\u00e3o, Lavras acumulava 516 casos confirmados e 28 \u00f3bitos. As informa\u00e7\u00f5es da pandemia na cidade foram coletadas com a Universidade Federal de Lavras (UFLA) e a Prefeitura de Lavras, com parceria da plataforma JF Salvando Todos.\u00a0<\/span><\/p>\n<p><span style=\"font-weight: 400;\">O boletim tamb\u00e9m disponibiliza gr\u00e1ficos que ilustram a mudan\u00e7a na mobilidade social da cidade. O gr\u00e1fico aponta o crescimento da ida a locais de trabalho e esta\u00e7\u00f5es de tr\u00e2nsito. Na mesma perspectiva, o munic\u00edpio vem apresentando queda gradativa na perman\u00eancia de pessoas em casa.<\/span><\/p>\n<p><b>Aten\u00e7\u00e3o \u00e0s tend\u00eancias<\/b><\/p>\n<p><span style=\"font-weight: 400;\">Os n\u00fameros registrados em Minas Gerais, com base nos \u00faltimos 14 dias, evidenciam um crescimento no n\u00famero de novos casos de 5% e 4% na taxa de \u00f3bitos. Na an\u00e1lise das semanas epidemiol\u00f3gicas, a atual 45\u00aa semana apresenta um crescimento em rela\u00e7\u00e3o as duas anteriores (43\u00aa e 44\u00aa). Nas semanas anteriores a situa\u00e7\u00e3o do estado era de queda nos registros.\u00a0<\/span><\/p>\n<p><span style=\"font-weight: 400;\">Um detalhe espec\u00edfico na compara\u00e7\u00e3o diz respeito ao n\u00famero de \u00f3bitos. A 45\u00aa semana epidemiol\u00f3gica apresentou um n\u00famero menor de vidas perdidas em rela\u00e7\u00e3o a 43\u00aa. Nas \u00faltimas duas semanas, o Rt de Minas Gerais vinha decrescendo. No entanto, a partir do dia 3 de novembro, a curva teve um crescimento di\u00e1rio chegando a marca de 1,39 no indicador.\u00a0<\/span><\/p>\n<p><span style=\"font-weight: 400;\">O n\u00famero \u00e9 preocupante para os dados do estado. O indicador ilustra a seguinte situa\u00e7\u00e3o: caso haja 100 indiv\u00edduos contaminados, eles podem infectar 139 outras pessoas com a Covid-19. Os respons\u00e1veis pelo boletim alertam para o acompanhamento do cen\u00e1rio da cidade. Apenas nas pr\u00f3ximas duas semanas seguintes poder\u00e1 ser confirmada uma tend\u00eancia do Rt.\u00a0<\/span><\/p>\n<p><span style=\"font-weight: 400;\">At\u00e9 o dia 9 de novembro, os dados absolutos registrados chegaram a 370.991 casos confirmados e 9.204 vidas perdidas em todo o estado de Minas Gerais. No Brasil, a pandemia indica queda no isolamento social e a retomada do trabalho presencial.<\/span><\/p>\n<p><strong>Fonte:\u00a0<\/strong>Assessoria<\/p>\n","protected":false},"excerpt":{"rendered":"<p>A 14\u00aa edi\u00e7\u00e3o do boletim informativo da plataforma JF Salvando Todos, publicada na quarta-feira (11), atualiza os dados da pandemia do novo coronav\u00edrus. O informe \u00e9 elaborado por estudantes do curso de estat\u00edstica, sob a orienta\u00e7\u00e3o de docentes, da Universidade Federal de Juiz de Fora (UFJF).\u00a0 O boletim cont\u00e9m dados e gr\u00e1ficos sobre a evolu\u00e7\u00e3o [&hellip;]<\/p>\n","protected":false},"author":96,"featured_media":172965,"comment_status":"closed","ping_status":"closed","sticky":false,"template":"","format":"standard","meta":{"footnotes":""},"categories":[253,436,440,439],"tags":[],"class_list":["post-172964","post","type-post","status-publish","format-standard","has-post-thumbnail","hentry","category-cidade","category-destaque-da-semana","category-destaques-do-dia","category-ultima-hora"],"_links":{"self":[{"href":"https:\/\/diarioregionaldigital.com.br\/index.php?rest_route=\/wp\/v2\/posts\/172964","targetHints":{"allow":["GET"]}}],"collection":[{"href":"https:\/\/diarioregionaldigital.com.br\/index.php?rest_route=\/wp\/v2\/posts"}],"about":[{"href":"https:\/\/diarioregionaldigital.com.br\/index.php?rest_route=\/wp\/v2\/types\/post"}],"author":[{"embeddable":true,"href":"https:\/\/diarioregionaldigital.com.br\/index.php?rest_route=\/wp\/v2\/users\/96"}],"replies":[{"embeddable":true,"href":"https:\/\/diarioregionaldigital.com.br\/index.php?rest_route=%2Fwp%2Fv2%2Fcomments&post=172964"}],"version-history":[{"count":0,"href":"https:\/\/diarioregionaldigital.com.br\/index.php?rest_route=\/wp\/v2\/posts\/172964\/revisions"}],"wp:featuredmedia":[{"embeddable":true,"href":"https:\/\/diarioregionaldigital.com.br\/index.php?rest_route=\/wp\/v2\/media\/172965"}],"wp:attachment":[{"href":"https:\/\/diarioregionaldigital.com.br\/index.php?rest_route=%2Fwp%2Fv2%2Fmedia&parent=172964"}],"wp:term":[{"taxonomy":"category","embeddable":true,"href":"https:\/\/diarioregionaldigital.com.br\/index.php?rest_route=%2Fwp%2Fv2%2Fcategories&post=172964"},{"taxonomy":"post_tag","embeddable":true,"href":"https:\/\/diarioregionaldigital.com.br\/index.php?rest_route=%2Fwp%2Fv2%2Ftags&post=172964"}],"curies":[{"name":"wp","href":"https:\/\/api.w.org\/{rel}","templated":true}]}}