{"id":172962,"date":"2020-11-13T13:36:45","date_gmt":"2020-11-13T16:36:45","guid":{"rendered":"https:\/\/diarioregionaldigital.com.br\/?p=172962"},"modified":"2020-11-13T13:36:45","modified_gmt":"2020-11-13T16:36:45","slug":"estado-notifica-mais-de-2-mil-novos-casos-por-coronavirus","status":"publish","type":"post","link":"https:\/\/diarioregionaldigital.com.br\/?p=172962","title":{"rendered":"Estado notifica mais de 2 mil novos casos por Coronav\u00edrus"},"content":{"rendered":"<p>O novo\u00a0<a href=\"https:\/\/www.saude.mg.gov.br\/images\/1_noticias\/10_2020\/2_out-nov-dez\/13-11-BoletimEpidemiologico_COVID19.pdf\">boletim epidemiol\u00f3gico<\/a> publicado nesta sexta-feira (13), pela Secretaria de Estado da Sa\u00fade de Minas Gerais (SES-MG), informa que nas \u00faltimas 24h, foram notificadas mais 2.737 novos casos de Coronav\u00edrus. No acumulado, s\u00e3o 379.274 pessoas infectadas.<\/p>\n<p>Conforme o levantamento, foram registradas mais 146 mortes, totalizando 9.405 \u00f3bitos. Os dados indicam que 5.335 v\u00edtimas s\u00e3o do sexo masculino e 4.070 s\u00e3o do feminino.<\/p>\n<p>Al\u00e9m disso, 349.974 pacientes est\u00e3o recuperados da doen\u00e7a, representando 92,2% dos casos e 19.895 fazem acompanhamento m\u00e9dico. Quanto aos dados de hospitaliza\u00e7\u00e3o, 36.894 pessoas est\u00e3o internadas e 342.380 est\u00e3o em isolamento domiciliar.<\/p>\n","protected":false},"excerpt":{"rendered":"<p>O novo\u00a0boletim epidemiol\u00f3gico publicado nesta sexta-feira (13), pela Secretaria de Estado da Sa\u00fade de Minas Gerais (SES-MG), informa que nas \u00faltimas 24h, foram notificadas mais 2.737 novos casos de Coronav\u00edrus. No acumulado, s\u00e3o 379.274 pessoas infectadas. Conforme o levantamento, foram registradas mais 146 mortes, totalizando 9.405 \u00f3bitos. Os dados indicam que 5.335 v\u00edtimas s\u00e3o do [&hellip;]<\/p>\n","protected":false},"author":96,"featured_media":167900,"comment_status":"closed","ping_status":"closed","sticky":false,"template":"","format":"standard","meta":{"footnotes":""},"categories":[436,440,439],"tags":[],"class_list":["post-172962","post","type-post","status-publish","format-standard","has-post-thumbnail","hentry","category-destaque-da-semana","category-destaques-do-dia","category-ultima-hora"],"_links":{"self":[{"href":"https:\/\/diarioregionaldigital.com.br\/index.php?rest_route=\/wp\/v2\/posts\/172962","targetHints":{"allow":["GET"]}}],"collection":[{"href":"https:\/\/diarioregionaldigital.com.br\/index.php?rest_route=\/wp\/v2\/posts"}],"about":[{"href":"https:\/\/diarioregionaldigital.com.br\/index.php?rest_route=\/wp\/v2\/types\/post"}],"author":[{"embeddable":true,"href":"https:\/\/diarioregionaldigital.com.br\/index.php?rest_route=\/wp\/v2\/users\/96"}],"replies":[{"embeddable":true,"href":"https:\/\/diarioregionaldigital.com.br\/index.php?rest_route=%2Fwp%2Fv2%2Fcomments&post=172962"}],"version-history":[{"count":0,"href":"https:\/\/diarioregionaldigital.com.br\/index.php?rest_route=\/wp\/v2\/posts\/172962\/revisions"}],"wp:featuredmedia":[{"embeddable":true,"href":"https:\/\/diarioregionaldigital.com.br\/index.php?rest_route=\/wp\/v2\/media\/167900"}],"wp:attachment":[{"href":"https:\/\/diarioregionaldigital.com.br\/index.php?rest_route=%2Fwp%2Fv2%2Fmedia&parent=172962"}],"wp:term":[{"taxonomy":"category","embeddable":true,"href":"https:\/\/diarioregionaldigital.com.br\/index.php?rest_route=%2Fwp%2Fv2%2Fcategories&post=172962"},{"taxonomy":"post_tag","embeddable":true,"href":"https:\/\/diarioregionaldigital.com.br\/index.php?rest_route=%2Fwp%2Fv2%2Ftags&post=172962"}],"curies":[{"name":"wp","href":"https:\/\/api.w.org\/{rel}","templated":true}]}}