{"id":172937,"date":"2020-11-13T15:44:00","date_gmt":"2020-11-13T18:44:00","guid":{"rendered":"https:\/\/diarioregionaldigital.com.br\/?p=172937"},"modified":"2020-11-13T15:42:34","modified_gmt":"2020-11-13T18:42:34","slug":"por-conta-da-piora-no-cenario-do-covid-19-juiz-de-fora-regride-para-a-onda-amarela","status":"publish","type":"post","link":"https:\/\/diarioregionaldigital.com.br\/?p=172937","title":{"rendered":"Por conta da piora no cen\u00e1rio do Covid-19, Juiz de Fora regride para a &#8216;Onda Amarela&#8217;"},"content":{"rendered":"<p><span style=\"font-weight: 400;\">Em reuni\u00e3o realizada na noite de quinta-feira (12), o Comit\u00ea Municipal de Enfrentamento e Preven\u00e7\u00e3o \u00e0 Covid-19, decidiu que Juiz de Fora ir\u00e1 regredir para a \u2018Onda Amarela\u2019, do Programa Minas Consciente. Tal decis\u00e3o se deve pelo aumento de novos casos e mortes decorrentes da doen\u00e7a.<\/span><\/p>\n<p><span style=\"font-weight: 400;\">De acordo com informa\u00e7\u00f5es da Prefeitura de Juiz de Fora (PJF), a medida passa a valer neste s\u00e1bado (14), a partir da publica\u00e7\u00e3o do novo Decreto. A referida fase \u00e9 a mais restritiva do Programa.<\/span><\/p>\n<p><span style=\"font-weight: 400;\">No \u00faltimo dia 24 de outubro, o Comit\u00ea havia aprovado o avan\u00e7o do munic\u00edpio para a \u2018Onda Verde\u2019, ap\u00f3s haver melhora no cen\u00e1rio do Coronav\u00edrus. Entretanto, o Executivo n\u00e3o liberou algumas atividades permitidas na etapa, como parques de divers\u00e3o, discotecas, danceterias, sal\u00f5es de dan\u00e7a e similares.<\/span><\/p>\n<p><span style=\"font-weight: 400;\">Diante da nova mudan\u00e7a, a Prefeitura sinaliza piora do cen\u00e1rio e que todas as medidas de preven\u00e7\u00e3o, devem ser tomadas pelos moradores da cidade, como uso obrigat\u00f3rio de m\u00e1scaras de prote\u00e7\u00e3o, uso do \u00e1lcool em gel, distanciamento, entre outros. Ao longo da semana, houve constante aumento do n\u00famero de pessoas infectadas e de mortes. De acordo com os dados, houve tr\u00eas dias da semana em que foram registrados mais de 100 casos. Na segunda-feira (9) foram 102, na quarta-feira (11) foram 127 e na quinta-feira (12) foram 170. Al\u00e9m disso, o painel Covid-19, feito pela pr\u00f3pria PJF, que a taxa de ocupa\u00e7\u00e3o em Unidade de Terapia Intensiva (UTI) nos hospitais, chegou a estar em 80%.<\/span><\/p>\n<p><span style=\"font-weight: 400;\">A Administra\u00e7\u00e3o anunciou tamb\u00e9m que o prefeito Ant\u00f4nio Almas (PSDB), far\u00e1 uma live na segunda-feira (16), para explicar sobre os pr\u00f3ximos passos a serem tomados.<\/span><\/p>\n<p><b>Entenda todas as fases do Minas Consciente<\/b><\/p>\n<p><b>Onda vermelha<\/b><\/p>\n<p><span style=\"font-weight: 400;\">Esta fase abrange atividades econ\u00f4micas consideradas essenciais, como:<\/span><\/p>\n<p><span style=\"font-weight: 400;\">&#8211; Supermercados, padarias, restaurantes, lanchonetes, lojas de conveni\u00eancia<\/span><\/p>\n<p><span style=\"font-weight: 400;\">&#8211; Bares (somente para delivery ou retirada no balc\u00e3o)\u00a0<\/span><\/p>\n<p><span style=\"font-weight: 400;\">&#8211; A\u00e7ougues, peixarias, hortifrutigranjeiros<\/span><\/p>\n<p><span style=\"font-weight: 400;\">&#8211; Servi\u00e7os de ambulantes de alimenta\u00e7\u00e3o<\/span><\/p>\n<p><span style=\"font-weight: 400;\">&#8211; Farm\u00e1cias, drogarias, lojas de cosm\u00e9ticos, lavanderias, pet shop<\/span><\/p>\n<p><span style=\"font-weight: 400;\">&#8211; Bancos, casas lot\u00e9ricas, cooperativas de cr\u00e9dito<\/span><\/p>\n<p><span style=\"font-weight: 400;\">&#8211; Vigil\u00e2ncia e seguran\u00e7a privada<\/span><\/p>\n<p><span style=\"font-weight: 400;\">&#8211; Servi\u00e7os de reparo e manuten\u00e7\u00e3o<\/span><\/p>\n<p><span style=\"font-weight: 400;\">&#8211; Lojas de inform\u00e1tica e aparelhos de comunica\u00e7\u00e3o<\/span><\/p>\n<p><span style=\"font-weight: 400;\">&#8211; Hot\u00e9is, mot\u00e9is, campings, alojamentos e pens\u00f5es<\/span><\/p>\n<p><span style=\"font-weight: 400;\">&#8211; Constru\u00e7\u00e3o civil e obras de infraestrutura<\/span><\/p>\n<p><span style=\"font-weight: 400;\">&#8211; Com\u00e9rcio de ve\u00edculos, pe\u00e7as e acess\u00f3rios automotores<\/span><\/p>\n<p>&nbsp;<\/p>\n<p><b>Onda amarela<\/b><\/p>\n<p><span style=\"font-weight: 400;\">Esta fase abrange servi\u00e7os n\u00e3o essenciais, tais como:<\/span><\/p>\n<p><span style=\"font-weight: 400;\">&#8211; Bares (consumo no local)<\/span><\/p>\n<p><span style=\"font-weight: 400;\">&#8211; Autoescola e cursos de pilotagem<\/span><\/p>\n<p><span style=\"font-weight: 400;\">&#8211; Sal\u00e3o de beleza e atividades de est\u00e9tica\u00a0<\/span><\/p>\n<p><span style=\"font-weight: 400;\">&#8211; Com\u00e9rcio de eletrodom\u00e9sticos e equipamentos de \u00e1udio e v\u00eddeo<\/span><\/p>\n<p><span style=\"font-weight: 400;\">&#8211; Papelaria, lojas de livros, discos e revistas,\u00a0<\/span><\/p>\n<p><span style=\"font-weight: 400;\">&#8211; Lojas de roupas, bijuterias, joias, cal\u00e7ados, e artigos de viagem<\/span><\/p>\n<p><span style=\"font-weight: 400;\">&#8211; Com\u00e9rcio de itens de cama, mesa e banho<\/span><\/p>\n<p><span style=\"font-weight: 400;\">&#8211; Lojas de m\u00f3veis e lustres<\/span><\/p>\n<p><span style=\"font-weight: 400;\">&#8211; Imobili\u00e1rias<\/span><\/p>\n<p><span style=\"font-weight: 400;\">&#8211; Lojas de departamento e duty free<\/span><\/p>\n<p><span style=\"font-weight: 400;\">&#8211; Lojas de brinquedos<\/span><\/p>\n<p>&nbsp;<\/p>\n<p><b>Onda verde<\/b><\/p>\n<p><span style=\"font-weight: 400;\">Nesta fase, est\u00e3o inclu\u00eddas as atividades n\u00e3o-essenciais, mas com alto risco de cont\u00e1gio:<\/span><\/p>\n<p><span style=\"font-weight: 400;\">&#8211; Atividades art\u00edsticas, como produ\u00e7\u00e3o teatral, musical e de dan\u00e7a e circo<\/span><\/p>\n<p><span style=\"font-weight: 400;\">&#8211; Academias e demais atividades de condicionamento f\u00edsico\u00a0<\/span><\/p>\n<p><span style=\"font-weight: 400;\">&#8211; Cinemas, bibliotecas, museus, arquivos<\/span><\/p>\n<p><span style=\"font-weight: 400;\">&#8211; Parques, zool\u00f3gicos e jardins<\/span><\/p>\n<p><span style=\"font-weight: 400;\">&#8211; Clubes<\/span><\/p>\n<p><span style=\"font-weight: 400;\">&#8211; Feiras, congressos, exposi\u00e7\u00f5es, filmagens de festas, casas de festas, buf\u00ea<\/span><\/p>\n<p><span style=\"font-weight: 400;\">&#8211; Parques de divers\u00e3o, discotecas, boliches, sinuca<\/span><\/p>\n<p><span style=\"font-weight: 400;\">&#8211; Bares com entretenimento (shows e espet\u00e1culos)<\/span><\/p>\n<p><span style=\"font-weight: 400;\">&#8211; Servi\u00e7os de coloca\u00e7\u00e3o de piercings e tatuagens<\/span><\/p>\n<p>&nbsp;<\/p>\n","protected":false},"excerpt":{"rendered":"<p>Em reuni\u00e3o realizada na noite de quinta-feira (12), o Comit\u00ea Municipal de Enfrentamento e Preven\u00e7\u00e3o \u00e0 Covid-19, decidiu que Juiz de Fora ir\u00e1 regredir para a \u2018Onda Amarela\u2019, do Programa Minas Consciente. Tal decis\u00e3o se deve pelo aumento de novos casos e mortes decorrentes da doen\u00e7a. De acordo com informa\u00e7\u00f5es da Prefeitura de Juiz de [&hellip;]<\/p>\n","protected":false},"author":96,"featured_media":172938,"comment_status":"closed","ping_status":"closed","sticky":false,"template":"","format":"standard","meta":{"footnotes":""},"categories":[253,436,440,439],"tags":[],"class_list":["post-172937","post","type-post","status-publish","format-standard","has-post-thumbnail","hentry","category-cidade","category-destaque-da-semana","category-destaques-do-dia","category-ultima-hora"],"_links":{"self":[{"href":"https:\/\/diarioregionaldigital.com.br\/index.php?rest_route=\/wp\/v2\/posts\/172937","targetHints":{"allow":["GET"]}}],"collection":[{"href":"https:\/\/diarioregionaldigital.com.br\/index.php?rest_route=\/wp\/v2\/posts"}],"about":[{"href":"https:\/\/diarioregionaldigital.com.br\/index.php?rest_route=\/wp\/v2\/types\/post"}],"author":[{"embeddable":true,"href":"https:\/\/diarioregionaldigital.com.br\/index.php?rest_route=\/wp\/v2\/users\/96"}],"replies":[{"embeddable":true,"href":"https:\/\/diarioregionaldigital.com.br\/index.php?rest_route=%2Fwp%2Fv2%2Fcomments&post=172937"}],"version-history":[{"count":0,"href":"https:\/\/diarioregionaldigital.com.br\/index.php?rest_route=\/wp\/v2\/posts\/172937\/revisions"}],"wp:featuredmedia":[{"embeddable":true,"href":"https:\/\/diarioregionaldigital.com.br\/index.php?rest_route=\/wp\/v2\/media\/172938"}],"wp:attachment":[{"href":"https:\/\/diarioregionaldigital.com.br\/index.php?rest_route=%2Fwp%2Fv2%2Fmedia&parent=172937"}],"wp:term":[{"taxonomy":"category","embeddable":true,"href":"https:\/\/diarioregionaldigital.com.br\/index.php?rest_route=%2Fwp%2Fv2%2Fcategories&post=172937"},{"taxonomy":"post_tag","embeddable":true,"href":"https:\/\/diarioregionaldigital.com.br\/index.php?rest_route=%2Fwp%2Fv2%2Ftags&post=172937"}],"curies":[{"name":"wp","href":"https:\/\/api.w.org\/{rel}","templated":true}]}}