{"id":172912,"date":"2020-11-12T18:03:55","date_gmt":"2020-11-12T21:03:55","guid":{"rendered":"https:\/\/diarioregionaldigital.com.br\/?p=172912"},"modified":"2020-11-12T18:11:52","modified_gmt":"2020-11-12T21:11:52","slug":"pm-apreende-municoes-e-armas-de-fogo-durante-operacao-no-bairro-centenario","status":"publish","type":"post","link":"https:\/\/diarioregionaldigital.com.br\/?p=172912","title":{"rendered":"PM apreende muni\u00e7\u00f5es e armas de fogo durante opera\u00e7\u00e3o no Bairro Centen\u00e1rio"},"content":{"rendered":"<p>Durante uma opera\u00e7\u00e3o realizada no Bairro Centen\u00e1rio (Regi\u00e3o Nordeste), a Pol\u00edcia Militar (PM), realizou mandado de busca e apreens\u00e3o, em desfavor de um idoso de 67 anos, expedido pelo MM Juiz de Direito da 4\u00aa Vara criminal da comarca de Juiz de Fora, junto com uma empresa local. Ao todo foram apreendidos 80 muni\u00e7\u00f5es calibre 380; 100 muni\u00e7\u00f5es calibre 22; 9 muni\u00e7\u00f5es calibre 6,35; 15 muni\u00e7\u00f5es calibre 20; 8 apetrechos e equipamentos vazios semi-carregados; 21 apetrechos semi-carregados com chumbo granulado; 38 apetrechos semi-carregados ou chumbo granulado; 13 muni\u00e7\u00f5es calibre 28 intactas; 96 cartuchos calibre 38; 6 sacos com por\u00e7\u00f5es de chumbo utilizadas para recarga e muni\u00e7\u00e3o; uma caixa contendo chumbo utilizado para recarga de cartuchos; 17 latas contendo espoletas; 5 carregadores de arma de fogo; 16 pares de coronha para rev\u00f3lver; um coldre para rev\u00f3lver; uma pe\u00e7a de guarda-m\u00e3o espingarda de madeira; 45 caixas com tubos pl\u00e1sticos de p\u00f3lvora especial; 48 muni\u00e7\u00f5es calibre 32; uma espingarda de press\u00e3o calibre 5.5mm e 3 carabinas por a\u00e7\u00e3o de mola de 5,5mm. Autor preso em flagrante e encaminhado junto com os materiais apreendidos a autoridade de pol\u00edcia judici\u00e1ria.<\/p>\n","protected":false},"excerpt":{"rendered":"<p>Durante uma opera\u00e7\u00e3o realizada no Bairro Centen\u00e1rio (Regi\u00e3o Nordeste), a Pol\u00edcia Militar (PM), realizou mandado de busca e apreens\u00e3o, em desfavor de um idoso de 67 anos, expedido pelo MM Juiz de Direito da 4\u00aa Vara criminal da comarca de Juiz de Fora, junto com uma empresa local. Ao todo foram apreendidos 80 muni\u00e7\u00f5es calibre [&hellip;]<\/p>\n","protected":false},"author":96,"featured_media":172684,"comment_status":"closed","ping_status":"closed","sticky":false,"template":"","format":"standard","meta":{"footnotes":""},"categories":[301,436,439],"tags":[],"class_list":["post-172912","post","type-post","status-publish","format-standard","has-post-thumbnail","hentry","category-artigos-policiais","category-destaque-da-semana","category-ultima-hora"],"_links":{"self":[{"href":"https:\/\/diarioregionaldigital.com.br\/index.php?rest_route=\/wp\/v2\/posts\/172912","targetHints":{"allow":["GET"]}}],"collection":[{"href":"https:\/\/diarioregionaldigital.com.br\/index.php?rest_route=\/wp\/v2\/posts"}],"about":[{"href":"https:\/\/diarioregionaldigital.com.br\/index.php?rest_route=\/wp\/v2\/types\/post"}],"author":[{"embeddable":true,"href":"https:\/\/diarioregionaldigital.com.br\/index.php?rest_route=\/wp\/v2\/users\/96"}],"replies":[{"embeddable":true,"href":"https:\/\/diarioregionaldigital.com.br\/index.php?rest_route=%2Fwp%2Fv2%2Fcomments&post=172912"}],"version-history":[{"count":0,"href":"https:\/\/diarioregionaldigital.com.br\/index.php?rest_route=\/wp\/v2\/posts\/172912\/revisions"}],"wp:featuredmedia":[{"embeddable":true,"href":"https:\/\/diarioregionaldigital.com.br\/index.php?rest_route=\/wp\/v2\/media\/172684"}],"wp:attachment":[{"href":"https:\/\/diarioregionaldigital.com.br\/index.php?rest_route=%2Fwp%2Fv2%2Fmedia&parent=172912"}],"wp:term":[{"taxonomy":"category","embeddable":true,"href":"https:\/\/diarioregionaldigital.com.br\/index.php?rest_route=%2Fwp%2Fv2%2Fcategories&post=172912"},{"taxonomy":"post_tag","embeddable":true,"href":"https:\/\/diarioregionaldigital.com.br\/index.php?rest_route=%2Fwp%2Fv2%2Ftags&post=172912"}],"curies":[{"name":"wp","href":"https:\/\/api.w.org\/{rel}","templated":true}]}}