{"id":172910,"date":"2020-11-12T17:51:19","date_gmt":"2020-11-12T20:51:19","guid":{"rendered":"https:\/\/diarioregionaldigital.com.br\/?p=172910"},"modified":"2020-11-12T17:51:19","modified_gmt":"2020-11-12T20:51:19","slug":"mulher-e-assaltada-em-ponto-de-onibus-no-previdenciarios","status":"publish","type":"post","link":"https:\/\/diarioregionaldigital.com.br\/?p=172910","title":{"rendered":"Mulher \u00e9 assaltada em ponto de \u00f4nibus no Previdenci\u00e1rios"},"content":{"rendered":"<p>Na manh\u00e3 de quarta-feira (11), uma mulher de 30 anos, estava em um ponto de \u00f4nibus no Bairro Previdenci\u00e1rios (Regi\u00e3o Sul), quando em um determinado momento, aproximou-se uma motocicleta, ocupada por dois indiv\u00edduos, ambos aparentando ter 18 anos.<\/p>\n<p>De acordo com o Boletim de Ocorr\u00eancias (BO) da Pol\u00edcia Militar (PM), os autores realizaram abordagem e pegaram a bolsa da v\u00edtima. A mesma ofereceu resist\u00eancia, por\u00e9m um dos rapazes exibiu uma arma de fogo. Ao todo foram roubados dois celulares e a quantia de R$600,00. Os suspeitos fugiram do local e n\u00e3o foram encontrados.<\/p>\n","protected":false},"excerpt":{"rendered":"<p>Na manh\u00e3 de quarta-feira (11), uma mulher de 30 anos, estava em um ponto de \u00f4nibus no Bairro Previdenci\u00e1rios (Regi\u00e3o Sul), quando em um determinado momento, aproximou-se uma motocicleta, ocupada por dois indiv\u00edduos, ambos aparentando ter 18 anos. De acordo com o Boletim de Ocorr\u00eancias (BO) da Pol\u00edcia Militar (PM), os autores realizaram abordagem e [&hellip;]<\/p>\n","protected":false},"author":96,"featured_media":172681,"comment_status":"closed","ping_status":"closed","sticky":false,"template":"","format":"standard","meta":{"footnotes":""},"categories":[301,436,439],"tags":[],"class_list":["post-172910","post","type-post","status-publish","format-standard","has-post-thumbnail","hentry","category-artigos-policiais","category-destaque-da-semana","category-ultima-hora"],"_links":{"self":[{"href":"https:\/\/diarioregionaldigital.com.br\/index.php?rest_route=\/wp\/v2\/posts\/172910","targetHints":{"allow":["GET"]}}],"collection":[{"href":"https:\/\/diarioregionaldigital.com.br\/index.php?rest_route=\/wp\/v2\/posts"}],"about":[{"href":"https:\/\/diarioregionaldigital.com.br\/index.php?rest_route=\/wp\/v2\/types\/post"}],"author":[{"embeddable":true,"href":"https:\/\/diarioregionaldigital.com.br\/index.php?rest_route=\/wp\/v2\/users\/96"}],"replies":[{"embeddable":true,"href":"https:\/\/diarioregionaldigital.com.br\/index.php?rest_route=%2Fwp%2Fv2%2Fcomments&post=172910"}],"version-history":[{"count":0,"href":"https:\/\/diarioregionaldigital.com.br\/index.php?rest_route=\/wp\/v2\/posts\/172910\/revisions"}],"wp:featuredmedia":[{"embeddable":true,"href":"https:\/\/diarioregionaldigital.com.br\/index.php?rest_route=\/wp\/v2\/media\/172681"}],"wp:attachment":[{"href":"https:\/\/diarioregionaldigital.com.br\/index.php?rest_route=%2Fwp%2Fv2%2Fmedia&parent=172910"}],"wp:term":[{"taxonomy":"category","embeddable":true,"href":"https:\/\/diarioregionaldigital.com.br\/index.php?rest_route=%2Fwp%2Fv2%2Fcategories&post=172910"},{"taxonomy":"post_tag","embeddable":true,"href":"https:\/\/diarioregionaldigital.com.br\/index.php?rest_route=%2Fwp%2Fv2%2Ftags&post=172910"}],"curies":[{"name":"wp","href":"https:\/\/api.w.org\/{rel}","templated":true}]}}