{"id":172907,"date":"2020-11-12T17:42:00","date_gmt":"2020-11-12T20:42:00","guid":{"rendered":"https:\/\/diarioregionaldigital.com.br\/?p=172907"},"modified":"2020-11-12T17:42:00","modified_gmt":"2020-11-12T20:42:00","slug":"secretaria-de-obras-faz-trabalho-preventivo-para-periodo-de-chuvas","status":"publish","type":"post","link":"https:\/\/diarioregionaldigital.com.br\/?p=172907","title":{"rendered":"Secretaria de Obras faz trabalho preventivo para per\u00edodo de chuvas"},"content":{"rendered":"<p>A Secretaria de Obras (SO) da Prefeitura de Juiz de Fora (PJF) realiza, cotidianamente, um trabalho de car\u00e1ter preventivo na manuten\u00e7\u00e3o dos dispositivos de drenagem e na constru\u00e7\u00e3o de muros e arrimos em encostas por todo o munic\u00edpio, visando a se preparar para o per\u00edodo de chuvas intensas. Com esta finalidade, as equipes da SO executam limpeza das bocas de lobo, desobstru\u00e7\u00e3o de rede pluvial e limpeza e desassoreamento de c\u00f3rregos, substitui\u00e7\u00e3o de rede pluvial, aumentando a capacidade de escoamento das \u00e1guas das chuvas.<\/p>\n<p>Mesmo em meio \u00e0 pandemia, que afetou os atendimentos, foram feitas 926 interven\u00e7\u00f5es em rede pluvial, nesta administra\u00e7\u00e3o, incluindo manuten\u00e7\u00e3o, redirecionamento e extens\u00e3o de galerias, al\u00e9m de corre\u00e7\u00e3o de eros\u00f5es. Os servidores realizaram a limpeza de 1.074 bocas de lobo e fizeram a manuten\u00e7\u00e3o de 643 tampas e grades de rede pluvial. A SO mant\u00e9m uma equipe no Centro da cidade, \u00e1rea que demanda intensa manuten\u00e7\u00e3o das bocas de lobo, principalmente as localizadas no mergulh\u00e3o da Avenida Rio Branco, local que costuma sofrer com alagamentos. A constru\u00e7\u00e3o de 43 muros e arrimos tamb\u00e9m levou mais tranquilidade aos moradores de \u00e1reas cr\u00edticas, como, por exemplo, aos bairros Sagrado Cora\u00e7\u00e3o de Jesus, S\u00e3o Tarc\u00edsio, Grama e Santa Luzia.<\/p>\n<p>Nesta quinta-feira, 12, as equipes da SO constroem muro de divisa na Rua Doutor Geraldo Paleta, no Santa Rita, fazem retirada de terra na Rua Vidal de Negreiros, em Benfica, e colocam esc\u00f3ria na Rua E (Terra Nostra\/Previdenci\u00e1rios) e na Rua Da Esta\u00e7\u00e3o, em Igrejinha. Os servidores tamb\u00e9m atuam na corre\u00e7\u00e3o de eros\u00e3o nas ruas Constan\u00e7a Vidal, no J\u00f3quei Clube, e Ant\u00f4nio Rufino, em S\u00e3o Pedro.<\/p>\n<p><b>Vistoria<\/b><\/p>\n<p>Por conta das chuvas dos \u00faltimos dias, as equipes de manuten\u00e7\u00e3o de rede pluvial da SO est\u00e3o empenhadas nos bairros Jardim Natal e Milho Branco, pois h\u00e1 pontos de alagamentos na regi\u00e3o. Os t\u00e9cnicos tamb\u00e9m t\u00eam feito vistorias em diversos pontos da cidade, visando a corrigir situa\u00e7\u00f5es de risco. Na tarde da quarta-feira, 11, os profissionais da SO estiveram na Avenida Luiza Vit\u00f3ria Fernandes, no Jardim dos Alfineiros. H\u00e1 uma situa\u00e7\u00e3o cr\u00edtica \u00e0s margens do c\u00f3rrego e, no local, ser\u00e1 feito um enrocamento, t\u00e9cnica que consiste no lan\u00e7amento de pedras de m\u00e3o, que formam estrutura para recupera\u00e7\u00e3o de eros\u00f5es e prote\u00e7\u00e3o de encostas.<\/p>\n<p><strong>Fonte:<\/strong> Assessoria<\/p>\n","protected":false},"excerpt":{"rendered":"<p>A Secretaria de Obras (SO) da Prefeitura de Juiz de Fora (PJF) realiza, cotidianamente, um trabalho de car\u00e1ter preventivo na manuten\u00e7\u00e3o dos dispositivos de drenagem e na constru\u00e7\u00e3o de muros e arrimos em encostas por todo o munic\u00edpio, visando a se preparar para o per\u00edodo de chuvas intensas. Com esta finalidade, as equipes da SO [&hellip;]<\/p>\n","protected":false},"author":96,"featured_media":172908,"comment_status":"closed","ping_status":"closed","sticky":false,"template":"","format":"standard","meta":{"footnotes":""},"categories":[253,436,439],"tags":[],"class_list":["post-172907","post","type-post","status-publish","format-standard","has-post-thumbnail","hentry","category-cidade","category-destaque-da-semana","category-ultima-hora"],"_links":{"self":[{"href":"https:\/\/diarioregionaldigital.com.br\/index.php?rest_route=\/wp\/v2\/posts\/172907","targetHints":{"allow":["GET"]}}],"collection":[{"href":"https:\/\/diarioregionaldigital.com.br\/index.php?rest_route=\/wp\/v2\/posts"}],"about":[{"href":"https:\/\/diarioregionaldigital.com.br\/index.php?rest_route=\/wp\/v2\/types\/post"}],"author":[{"embeddable":true,"href":"https:\/\/diarioregionaldigital.com.br\/index.php?rest_route=\/wp\/v2\/users\/96"}],"replies":[{"embeddable":true,"href":"https:\/\/diarioregionaldigital.com.br\/index.php?rest_route=%2Fwp%2Fv2%2Fcomments&post=172907"}],"version-history":[{"count":0,"href":"https:\/\/diarioregionaldigital.com.br\/index.php?rest_route=\/wp\/v2\/posts\/172907\/revisions"}],"wp:featuredmedia":[{"embeddable":true,"href":"https:\/\/diarioregionaldigital.com.br\/index.php?rest_route=\/wp\/v2\/media\/172908"}],"wp:attachment":[{"href":"https:\/\/diarioregionaldigital.com.br\/index.php?rest_route=%2Fwp%2Fv2%2Fmedia&parent=172907"}],"wp:term":[{"taxonomy":"category","embeddable":true,"href":"https:\/\/diarioregionaldigital.com.br\/index.php?rest_route=%2Fwp%2Fv2%2Fcategories&post=172907"},{"taxonomy":"post_tag","embeddable":true,"href":"https:\/\/diarioregionaldigital.com.br\/index.php?rest_route=%2Fwp%2Fv2%2Ftags&post=172907"}],"curies":[{"name":"wp","href":"https:\/\/api.w.org\/{rel}","templated":true}]}}