{"id":172901,"date":"2020-11-12T15:58:07","date_gmt":"2020-11-12T18:58:07","guid":{"rendered":"https:\/\/diarioregionaldigital.com.br\/?p=172901"},"modified":"2020-11-12T15:58:07","modified_gmt":"2020-11-12T18:58:07","slug":"definidos-os-25-integrantes-da-comissao-de-atletas-do-cob-para-o-ciclo-paris-2024","status":"publish","type":"post","link":"https:\/\/diarioregionaldigital.com.br\/?p=172901","title":{"rendered":"Definidos os 25 integrantes da Comiss\u00e3o de Atletas do COB para o ciclo Paris 2024"},"content":{"rendered":"<p>&nbsp;<\/p>\n<p><span style=\"font-weight: 400;\">Depois de realizar, em outubro, a elei\u00e7\u00e3o para presidente mais democr\u00e1tica desde a sua funda\u00e7\u00e3o, na quarta-feira (11), marcou mais um pleito hist\u00f3rico para o Comit\u00ea Ol\u00edmpico do Brasil (COB). Com encerramento da vota\u00e7\u00e3o \u00e0s 17h (hor\u00e1rio de Bras\u00edlia), foram definidos os 25 novos integrantes da Comiss\u00e3o de Atletas do COB para o ciclo Paris 2024. Os atletas escolheram os seguintes representantes: Diogo Silva (taekwondo, 47 votos), o mais votado; Poliana Okimoto (desportos aqu\u00e1ticos, 46); Yane Marques (pentatlo moderno, 39); Gustavo Guimar\u00e3es (desportos aqu\u00e1ticos, 39); Rodrigo Santana (v\u00f4lei, 27); Eduarda Amorim (handebol, 26); Adriana Aparecida da Silva (atletismo, 26); Fabiano Pe\u00e7anha (atletismo, 26); Beatriz Futuro (rugby, 25); Thiagus Petrus (handebol, 24); Lucas Duque (rugby, 22); Fernanda Ferreira (remo, 21); Iziane Marques (basquete, 19); Francisco Barretto J\u00fanior (gin\u00e1stica, 19); Edson Bindilatti (desportos no gelo, 19); B\u00e1rbara Seixas (v\u00f4lei, 16); Juan Nogueira (boxe, 16); Isabel Swan (vela, 15); Emerson Duarte (tiro esportivo, 13); Arthur Zanetti (gin\u00e1stica, 13); e Ana S\u00e1tila (canoagem, 11) entre os que disputaram alguma das \u00faltimas duas edi\u00e7\u00f5es de Jogos Ol\u00edmpicos de Ver\u00e3o ou Inverno. E Hort\u00eancia Marcari (basquete, 121); Jefferson Sabino (atletismo, 51); Clodoaldo Lopes do Carmo (atletismo, 28); e Joana Cortez (t\u00eanis, 25) entre os atletas que competiram em Jogos anteriores a Londres 2012.<\/span><\/p>\n<p><span style=\"font-weight: 400;\">A elei\u00e7\u00e3o bateu recorde de votantes: ao todo 374 atletas que disputaram os Jogos Ol\u00edmpicos Londres 2012, Sochi 2014, Rio 2016 e\/ou PyeongChang 2018 participaram da elei\u00e7\u00e3o, o que corresponde a 66% do total de atletas-eleitores aptos a votar. O n\u00famero \u00e9 mais que o dobro da participa\u00e7\u00e3o registrada em 2016, quando 170 atletas votaram (pouco mais de 27% do total).<\/span><\/p>\n<p><span style=\"font-weight: 400;\">\u201c\u00c9 um orgulho ter realizado e conclu\u00eddo com sucesso esse processo. \u00c9 mais um grande passo que mostra o quanto a Comiss\u00e3o de Atletas evoluiu nos \u00faltimos anos. Fiquei surpreso com a quantidade de candidatos e com o n\u00famero recorde de eleitores participando. Isso mostra o engajamento dos atletas e que o trabalho e a import\u00e2ncia da Comiss\u00e3o est\u00e3o cada vez mais vis\u00edveis para o Movimento Ol\u00edmpico do Brasil. Desejo um bom trabalho para os membros que se reelegeram e aos novos integrantes da CACOB. Tenho certeza que o legado dessa Comiss\u00e3o estar\u00e1 em boas m\u00e3os\u201d, disse Tiago Camilo, presidente da Comiss\u00e3o de Atletas e do Comit\u00ea de Elei\u00e7\u00e3o.<\/span><\/p>\n<p><span style=\"font-weight: 400;\">\u201cAumentar a participa\u00e7\u00e3o dos atletas na gest\u00e3o esportiva e no Comit\u00ea Ol\u00edmpico do Brasil sempre foi um dos nortes da nossa administra\u00e7\u00e3o. O n\u00famero recorde de atletas ol\u00edmpicos escolhendo seus representantes na Comiss\u00e3o, depois de uma participa\u00e7\u00e3o hist\u00f3rica dela no processo eleitoral do pr\u00f3prio COB, mostra que estamos no caminho certo para valorizar ainda mais os atletas. Parab\u00e9ns a todo pelo sucesso da elei\u00e7\u00e3o da CACOB para o ciclo Paris 2024\u201d, disse Paulo Wanderley Teixeira, presidente do COB.<\/span><\/p>\n<h3><b>Confira abaixo o resultado da vota\u00e7\u00e3o:<\/b><\/h3>\n<p><span style=\"font-weight: 400;\">Atletas que tenham participado de uma ou mais das duas edi\u00e7\u00f5es dos Jogos Ol\u00edmpicos de Inverno (2014 e 2018) ou de Ver\u00e3o (2012 e 2016) imediatamente anteriores \u00e0 elei\u00e7\u00e3o, do sexo Feminino:<\/span><\/p>\n<p><span style=\"font-weight: 400;\">&#8211; Poliana Okimoto Cintra (Desportos Aqu\u00e1ticos) \u2013 46 votos<\/span><\/p>\n<p><span style=\"font-weight: 400;\">&#8211; Yane M\u00e1rcia Campos Da Fonseca Marques (Pentatlo Moderno) \u2013 39<\/span><\/p>\n<p><span style=\"font-weight: 400;\">&#8211; Eduarda Amorim Taleska (Handebol) \u2013 26<\/span><\/p>\n<p><span style=\"font-weight: 400;\">&#8211; Adriana Aparecida Da Silva (Atletismo) \u2013 26<\/span><\/p>\n<p><span style=\"font-weight: 400;\">&#8211; Beatriz Futuro M\u00fchlbauer (Rugby) \u2013 25<\/span><\/p>\n<p><span style=\"font-weight: 400;\">&#8211; Fernanda Nunes Leal Ferreira (Remo) \u2013 21<\/span><\/p>\n<p><span style=\"font-weight: 400;\">&#8211; Iziane Castro Marques (Basquete) \u2013 19<\/span><\/p>\n<p><span style=\"font-weight: 400;\">&#8211; B\u00e1rbara Seixas De Freitas (V\u00f4lei) \u2013 16<\/span><\/p>\n<p><span style=\"font-weight: 400;\">&#8211; Isabel Marques Swan (Vela) \u2013 15<\/span><\/p>\n<p><span style=\"font-weight: 400;\">&#8211; Ana S\u00e1tila Vieira Vargas (Canoagem) \u2013 11<\/span><\/p>\n<p>&nbsp;<\/p>\n<p><span style=\"font-weight: 400;\">Atletas ol\u00edmpicos que tenham participado de uma ou mais das duas edi\u00e7\u00f5es dos Jogos Ol\u00edmpicos de Inverno (2014 e 2018) ou de Ver\u00e3o (2012 e 2016) imediatamente anteriores \u00e0 elei\u00e7\u00e3o, do sexo Masculino:<\/span><\/p>\n<p><span style=\"font-weight: 400;\">&#8211; Diogo Andr\u00e9 Silvestre Da Silva (Taekwondo) \u2013 47 votos<\/span><\/p>\n<p><span style=\"font-weight: 400;\">&#8211; Gustavo de Freitas Guimar\u00e3es (Desportos Aqu\u00e1ticos) \u2013 39<\/span><\/p>\n<p><span style=\"font-weight: 400;\">&#8211; Rodrigo Santana (V\u00f4lei) \u2013 27<\/span><\/p>\n<p><span style=\"font-weight: 400;\">&#8211; Fabiano Pe\u00e7anha (Atletismo) \u2013 26<\/span><\/p>\n<p><span style=\"font-weight: 400;\">&#8211; Thiagus Petrus Gon\u00e7alves Dos Santos (Handebol) \u2013 24<\/span><\/p>\n<p><span style=\"font-weight: 400;\">&#8211; Lucas Rodrigues Duque (Rugby) \u2013 22<\/span><\/p>\n<p><span style=\"font-weight: 400;\">&#8211; Francisco Carlos Barretto Junior (Gin\u00e1stica) \u2013 19<\/span><\/p>\n<p><span style=\"font-weight: 400;\">&#8211; Edson Luques Bindilatti (Desportos no Gelo) \u2013 19<\/span><\/p>\n<p><span style=\"font-weight: 400;\">&#8211; Juan Goncalves Nogueira (Boxe) \u2013 16<\/span><\/p>\n<p><span style=\"font-weight: 400;\">&#8211; Arthur Nabarrete Zanetti (Gin\u00e1stica) \u2013 13<\/span><\/p>\n<p><span style=\"font-weight: 400;\">&#8211; Emerson Duarte (Tiro Esportivo) \u2013 13<\/span><\/p>\n<p>&nbsp;<\/p>\n<p><span style=\"font-weight: 400;\">Atletas ol\u00edmpicos que tenham participado exclusivamente de Jogos Ol\u00edmpicos anteriores aos Jogos Ol\u00edmpicos de Inverno (2014 e 2018) ou de Ver\u00e3o (2012 e 2016):<\/span><\/p>\n<p><span style=\"font-weight: 400;\">&#8211; Hort\u00eancia De F\u00e1tima Marcari (Basquete) \u2013 121 votos<\/span><\/p>\n<p><span style=\"font-weight: 400;\">&#8211; Jefferson Dias Sabino (Atletismo) \u2013 51<\/span><\/p>\n<p><span style=\"font-weight: 400;\">&#8211; Clodoaldo Lopes Do Carmo (Atletismo) \u2013 28<\/span><\/p>\n<p><span style=\"font-weight: 400;\">&#8211; Joana Amorim Cortez Dos Santos (T\u00eanis) \u2013 25<\/span><\/p>\n<p><strong>Fonte:<\/strong> COB<\/p>\n","protected":false},"excerpt":{"rendered":"<p>&nbsp; Depois de realizar, em outubro, a elei\u00e7\u00e3o para presidente mais democr\u00e1tica desde a sua funda\u00e7\u00e3o, na quarta-feira (11), marcou mais um pleito hist\u00f3rico para o Comit\u00ea Ol\u00edmpico do Brasil (COB). Com encerramento da vota\u00e7\u00e3o \u00e0s 17h (hor\u00e1rio de Bras\u00edlia), foram definidos os 25 novos integrantes da Comiss\u00e3o de Atletas do COB para o ciclo [&hellip;]<\/p>\n","protected":false},"author":96,"featured_media":172902,"comment_status":"closed","ping_status":"closed","sticky":false,"template":"","format":"standard","meta":{"footnotes":""},"categories":[436,257,439],"tags":[],"class_list":["post-172901","post","type-post","status-publish","format-standard","has-post-thumbnail","hentry","category-destaque-da-semana","category-esporte","category-ultima-hora"],"_links":{"self":[{"href":"https:\/\/diarioregionaldigital.com.br\/index.php?rest_route=\/wp\/v2\/posts\/172901","targetHints":{"allow":["GET"]}}],"collection":[{"href":"https:\/\/diarioregionaldigital.com.br\/index.php?rest_route=\/wp\/v2\/posts"}],"about":[{"href":"https:\/\/diarioregionaldigital.com.br\/index.php?rest_route=\/wp\/v2\/types\/post"}],"author":[{"embeddable":true,"href":"https:\/\/diarioregionaldigital.com.br\/index.php?rest_route=\/wp\/v2\/users\/96"}],"replies":[{"embeddable":true,"href":"https:\/\/diarioregionaldigital.com.br\/index.php?rest_route=%2Fwp%2Fv2%2Fcomments&post=172901"}],"version-history":[{"count":0,"href":"https:\/\/diarioregionaldigital.com.br\/index.php?rest_route=\/wp\/v2\/posts\/172901\/revisions"}],"wp:featuredmedia":[{"embeddable":true,"href":"https:\/\/diarioregionaldigital.com.br\/index.php?rest_route=\/wp\/v2\/media\/172902"}],"wp:attachment":[{"href":"https:\/\/diarioregionaldigital.com.br\/index.php?rest_route=%2Fwp%2Fv2%2Fmedia&parent=172901"}],"wp:term":[{"taxonomy":"category","embeddable":true,"href":"https:\/\/diarioregionaldigital.com.br\/index.php?rest_route=%2Fwp%2Fv2%2Fcategories&post=172901"},{"taxonomy":"post_tag","embeddable":true,"href":"https:\/\/diarioregionaldigital.com.br\/index.php?rest_route=%2Fwp%2Fv2%2Ftags&post=172901"}],"curies":[{"name":"wp","href":"https:\/\/api.w.org\/{rel}","templated":true}]}}